{"id":1093,"date":"2011-09-25T23:06:42","date_gmt":"2011-09-25T23:06:42","guid":{"rendered":"https:\/\/libreduc.cc\/blog\/astuce\/?p=1093"},"modified":"2011-09-25T23:06:42","modified_gmt":"2011-09-25T23:06:42","slug":"la-carte-nationale-didentite-electronique-prevue-pour-octobre-2012","status":"publish","type":"post","link":"https:\/\/libreduc.cc\/blog\/astuce\/2011\/09\/25\/la-carte-nationale-didentite-electronique-prevue-pour-octobre-2012\/","title":{"rendered":"La carte nationale d&#039;identit\u00e9 \u00e9lectronique pr\u00e9vue pour octobre 2012"},"content":{"rendered":"<div>\n<div><img decoding=\"async\" alt=\"\" class=\"alignleft\" src=\"http:\/\/www.numerama.com\/media\/attach\/hadopi-voisins.png\" width=\"130\" \/><\/div>\n<div>Voici un <a href=\"http:\/\/www.numerama.com\/magazine\/19881-la-carte-nationale-d-identite-electronique-prevue-pour-octobre-2012.html\" target=\"_blank\">article de Numerama<\/a> sur la nouvelle carte d&#39;identit&eacute; num&eacute;rique vot&eacute;e par 11 d&eacute;put&eacute;s (<a href=\"http:\/\/nantessecteurouest.wordpress.com\/2011\/08\/04\/carte-didentite-biometrique-votee-par-10-personnes\/\" target=\"_blank\">une honte relat&eacute;e dans ce pr&eacute;c&eacute;dent article<\/a>) :<\/p>\n<blockquote><p>Vot&eacute;e en premi&egrave;re lecture &agrave; l&#39;Assembl&eacute;e nationale, la proposition de loi relative &agrave; la protection de l&#39;identit&eacute; poursuit son cheminement parlementaire. Le minist&egrave;re de l&#39;Int&eacute;rieur se situe pour sa part dans la prochaine &eacute;tape. En effet, il pr&eacute;voit l&#39;arriv&eacute;e progressive de la carte nationale d&#39;identit&eacute; &eacute;lectronique &agrave; partir d&#39;octobre 2012.<\/p><\/blockquote>\n<p><img loading=\"lazy\" decoding=\"async\" alt=\"\" class=\"alignleft\" height=\"293\" src=\"http:\/\/www.numerama.com\/media\/attach\/digital-identity.jpg\" title=\"empreinte\" width=\"228\" \/>Le minist&egrave;re de l&#39;Int&eacute;rieur est manifestement tr&egrave;s confiant sur l&#39;issue du processus parlementaire destin&eacute; &agrave; examiner la proposition de loi relative &agrave; la protection de l&#39;identit&eacute;. Ce texte, qui doit notamment mettre en place la carte nationale d&#39;identit&eacute; &eacute;lectronique, <a href=\"http:\/\/www.numerama.com\/magazine\/19232-la-carte-d-identite-numerique-adoptee-a-l-assemblee-maj.html\">a &eacute;t&eacute; adopt&eacute;<\/a> en premi&egrave;re lecture &agrave; l&#39;Assembl&eacute;e nationale le 7 juillet dernier. Le parcours du texte avant d&#39;entrer en vigueur est encore long.<\/p>\n<p>Cela n&#39;emp&ecirc;che pourtant en aucune fa&ccedil;on le minist&egrave;re de l&#39;Int&eacute;rieur de mettre la charrue avant les b&oelig;ufs en annon&ccedil;ant l&#39;arriv&eacute;e de ce nouveau dispositif pour octobre 2012. <a href=\"https:\/\/twitter.com\/#%21\/manhack\/status\/116145752547409921\" target=\"_blank\">Rep&eacute;r&eacute;<\/a> par le journaliste Jean-Marc Manach sur Twitter, un <a href=\"http:\/\/www.interieur.gouv.fr\/sections\/a_votre_service\/publications\/rapports-iga\/reforme-etat-modernisation-adm\/11-046-01\/downloadFile\/attachedFile\/11-046-01_-__Mise_en_oeuvre_de_la_CNIe_-_version_internet.pdf?nocache=1315755388.95\" target=\"_blank\">document<\/a> (.pdf) portant sur la mise en &oelig;uvre de la carte nationale d&#39;identit&eacute; &eacute;lectronique (CNIe) vise la p&eacute;riode d&#39;automne 2012 pour lancer la CNIe.<\/p>\n<p>&quot;<em>2012 sera une ann&eacute;e de transition, avec une mise en &oelig;uvre de la CNIe en cours d&#39;ann&eacute;e (octobre)<\/em>&quot; explique le document. Plus loin, l&#39;inspecteur g&eacute;n&eacute;ral de l&#39;administration explique que &quot;<em>le groupe de travail a &eacute;t&eacute; unanime pour souligner que le d&eacute;ploiement de la CNIe devra &ecirc;tre soigneusement pr&eacute;par&eacute;<\/em>&quot;, rappelant que celui-ci a jug&eacute; &quot;<em>particuli&egrave;rement opportun<\/em>&quot; de lancer le dispositif &agrave; cette date.<\/p>\n<p>Soutenue par Claude Gu&eacute;ant, la carte nationale d&#39;identit&eacute; &eacute;lectronique sera compos&eacute;e de deux puces &eacute;lectroniques. La premi&egrave;re, baptis&eacute;e puce r&eacute;galienne, contiendra les donn&eacute;es d&#39;identit&eacute; et les donn&eacute;es biom&eacute;triques du titulaire de la carte, authentifi&eacute;es gr&acirc;ce &agrave; leur enregistrement sur une base centrale, selon les <a href=\"http:\/\/www.numerama.com\/magazine\/19307-tout-savoir-sur-la-carte-d-identite-biometrique-et-numerique.html\">explications fournies<\/a> par le ministre de l&#39;Int&eacute;rieur.<\/p>\n<p>L&#39;autre puce &eacute;lectronique, facultative, sera d&eacute;di&eacute;e aux services en ligne. Elle permettra au titulaire de la carte de signer &eacute;lectroniquement sur le web, notamment avec une administration ou une soci&eacute;t&eacute; priv&eacute;e. Cette seconde puce a &eacute;t&eacute; pens&eacute;e pour les transactions commerciales, les op&eacute;rations bancaires et les d&eacute;marches administratives. L&#39;objectif &eacute;tant, pour le ministre, de fournir une meilleure protection au citoyen.<\/p>\n<p>Des explications qui sont loin d&#39;avoir convaincu tout le monde. La proposition de loi est en effet <a href=\"http:\/\/www.numerama.com\/magazine\/19307-tout-savoir-sur-la-carte-d-identite-biometrique-et-numerique.html\">particuli&egrave;rement contest&eacute;e<\/a>, dans la mesure o&ugrave; de nombreuses incertitudes p&egrave;sent encore sur le dispositif. Lors des d&eacute;bats &agrave; l&#39;Assembl&eacute;e nationale, il a &eacute;t&eacute; mis en lumi&egrave;re la gestion centralis&eacute;e des donn&eacute;es via une base unique, de la longue conservation des informations ou encore de la port&eacute;e du fichage.<\/p>\n<p>&nbsp;<\/p>\n<div style=\"text-align: right;\"><em>Article diffus&eacute; sous <a href=\"http:\/\/creativecommons.org\/licenses\/by-nc-nd\/2.0\/fr\/\">licence Creative Common by-nc-nd 2.0<\/a>, &eacute;crit par Guillaume Champeau pour <a href=\"http:\/\/www.numerama.com\/magazine\/19881-la-carte-nationale-d-identite-electronique-prevue-pour-octobre-2012.html\">Numerama.com<\/a><\/em><\/div>\n<\/p><\/div>\n<\/div>\n<p>&nbsp;<\/p>\n","protected":false},"excerpt":{"rendered":"<p>Voici un article de Numerama sur la nouvelle carte d&#39;identit&eacute; num&eacute;rique vot&eacute;e par 11 d&eacute;put&eacute;s (une honte relat&eacute;e dans ce pr&eacute;c&eacute;dent article) : Vot&eacute;e en premi&egrave;re lecture &agrave; l&#39;Assembl&eacute;e nationale, la proposition de loi relative &agrave; la protection de l&#39;identit&eacute; &hellip;<\/p>\n<p class=\"read-more\"> <a class=\"more-link\" href=\"https:\/\/libreduc.cc\/blog\/astuce\/2011\/09\/25\/la-carte-nationale-didentite-electronique-prevue-pour-octobre-2012\/\"> <span class=\"screen-reader-text\">La carte nationale d&#039;identit\u00e9 \u00e9lectronique pr\u00e9vue pour octobre 2012<\/span> Read More &raquo;<\/a><\/p>\n","protected":false},"author":1,"featured_media":0,"comment_status":"open","ping_status":"open","sticky":false,"template":"","format":"standard","meta":{"inline_featured_image":false,"footnotes":""},"categories":[2],"tags":[],"class_list":["post-1093","post","type-post","status-publish","format-standard","hentry","category-numerique"],"_links":{"self":[{"href":"https:\/\/libreduc.cc\/blog\/astuce\/wp-json\/wp\/v2\/posts\/1093","targetHints":{"allow":["GET"]}}],"collection":[{"href":"https:\/\/libreduc.cc\/blog\/astuce\/wp-json\/wp\/v2\/posts"}],"about":[{"href":"https:\/\/libreduc.cc\/blog\/astuce\/wp-json\/wp\/v2\/types\/post"}],"author":[{"embeddable":true,"href":"https:\/\/libreduc.cc\/blog\/astuce\/wp-json\/wp\/v2\/users\/1"}],"replies":[{"embeddable":true,"href":"https:\/\/libreduc.cc\/blog\/astuce\/wp-json\/wp\/v2\/comments?post=1093"}],"version-history":[{"count":0,"href":"https:\/\/libreduc.cc\/blog\/astuce\/wp-json\/wp\/v2\/posts\/1093\/revisions"}],"wp:attachment":[{"href":"https:\/\/libreduc.cc\/blog\/astuce\/wp-json\/wp\/v2\/media?parent=1093"}],"wp:term":[{"taxonomy":"category","embeddable":true,"href":"https:\/\/libreduc.cc\/blog\/astuce\/wp-json\/wp\/v2\/categories?post=1093"},{"taxonomy":"post_tag","embeddable":true,"href":"https:\/\/libreduc.cc\/blog\/astuce\/wp-json\/wp\/v2\/tags?post=1093"}],"curies":[{"name":"wp","href":"https:\/\/api.w.org\/{rel}","templated":true}]}}