{"id":1189,"date":"2012-03-26T07:34:09","date_gmt":"2012-03-26T07:34:09","guid":{"rendered":"https:\/\/libreduc.cc\/blog\/astuce\/?p=1189"},"modified":"2012-03-26T07:34:09","modified_gmt":"2012-03-26T07:34:09","slug":"les-adolescents-francais-accros-au-web-92-des-lyceens-ont-un-profil-facebook","status":"publish","type":"post","link":"https:\/\/libreduc.cc\/blog\/astuce\/2012\/03\/26\/les-adolescents-francais-accros-au-web-92-des-lyceens-ont-un-profil-facebook\/","title":{"rendered":"Les adolescents fran\u00e7ais accros au Web : 92% des lyc\u00e9ens ont un profil Facebook"},"content":{"rendered":"<p>95% des adolescents de 11 &agrave; 17 ans ont une connexion internet &agrave; la maison. En cons&eacute;quence directe de ce taux &eacute;lev&eacute; d&#39;&eacute;quipement,&nbsp; 61% des coll&eacute;giens et 49% des lyc&eacute;ens passent plus d&#39;une heure par jour sur Facebook, selon le barom&egrave;tre &quot;Enfants et internet&quot; r&eacute;alis&eacute; par Calysto dans le cadre de l&#39;op&eacute;ration de sensibilisation &quot;G&eacute;n&eacute;ration Num&eacute;rique&quot; et publi&eacute; le jeudi 2 f&eacute;vrier.<br \/>\n\t&nbsp;<\/p>\n<div align=\"center\"><img decoding=\"async\" alt=\"95% des adolescents fran\u00e7ais ont acc\u00e8s \u00e0 internet  dans leur foyer.\" border=\"0\" src=\"http:\/\/img.zebulon.fr\/shutterstock_15.3e025091330.w300.jpg\" \/><\/p>\n<div class=\"petit\"><em>95% des adolescents fran&ccedil;ais ont acc&egrave;s &agrave; internet dans leur foyer.<\/em><\/div>\n<\/div>\n<p><\/p>\n<p>Le r&eacute;seau social pr&eacute;f&eacute;r&eacute; des fran&ccedil;ais est aussi celui des ados, puisque 92% des 15-17 ans et 64% des 11-13 ans ont un profil sur Facebook. Il ressort &eacute;galement de cette &eacute;tude que 20% des 11-13 ans, 24% des 13-15 ans et 23% des 15-17 ans y sont &quot;amis&quot; avec au moins un de leurs parents. La publication de photos et de vid&eacute;os concerne d&eacute;sormais 86% des 15-17 ans, et 55% des 11-13 ans.<\/p>\n<p>Les jeunes per&ccedil;oivent plut&ocirc;t bien les subtilit&eacute;s de Facebook, puisqu&#39;ils sont 87% des 15-17 ans et 56% des 13-15 ans &agrave; conna&icirc;tre l&#39;existence des param&egrave;tres de confidentialit&eacute;. Toutefois, deux tiers des ados de 15 &agrave; 17 avouent avoir vu des informations personnelles diffus&eacute;es par d&#39;autres personnes, &agrave; l&#39;insu de ces derniers.<\/p>\n<p>Bien &eacute;videmment, le jeu vid&eacute;o, incontournables &agrave; leur &acirc;ge, demeure au centre de leurs occupations sur Facebook : ils sont huit sur dix &agrave; reconna&icirc;tre y jouer quotidiennement.<\/p>\n<p>Quant au taux d&#39;&eacute;quipement en t&eacute;l&eacute;phone mobile des 11-13 ans, il a explos&eacute; en un an, passant de 47% &agrave; 75 %. Totalement accros, 40% des 13-15 ans et 34% des 11-13 reconnaissent dormir avec leur t&eacute;l&eacute;phone sous l&#39;oreiller. Dans la tranche des 15-17 ans, 40% se connectent sur les r&eacute;seaux sociaux via leur mobile.<\/p>\n<p>Ce barom&egrave;tre annuel, qui entre dans l&#39;arsenal de l&#39;op&eacute;ration de sensibilisation &quot;G&eacute;n&eacute;ration Num&eacute;rique&quot;, est r&eacute;alis&eacute; par Calysto depuis 2005. Pour cette ann&eacute;e, l&#39;enqu&ecirc;te a &eacute;t&eacute; effectu&eacute;e aupr&egrave;s d&#39;un &eacute;chantillon de 35.000 adolescents &acirc;g&eacute;s de 11 &agrave; 17 ans, rencontr&eacute;s entre le 7 novembre et le 16 d&eacute;cembre 2011.<\/p>\n<p>\n\t&nbsp;<\/p>\n<div class=\"gtitre\"><strong>Compl&eacute;ment d&#39;actualit&eacute;<\/strong><\/div>\n<p>Les adolescents accros &agrave; Internet seraient plus violents que les autres : les adolescents accros &agrave; Internet seraient plus enclins &agrave; agir de fa&ccedil;on violente, selon une nouvelle &eacute;tude publi&eacute;e par des chercheurs ta&iuml;wanais, de l&#39;universit&eacute; de m&eacute;decine de Kaohsiung, dans l&#39;&eacute;dition en ligne du <i>Journal of adolescent health<\/i>. <a href=\"https:\/\/libreduc.cc\/blog\/astuce\/les-adolescents-accros-a-internet-seraient-plus-violents-que-les-autres\/\">Lire<\/a>.<\/p>\n","protected":false},"excerpt":{"rendered":"<p>95% des adolescents de 11 &agrave; 17 ans ont une connexion internet &agrave; la maison. En cons&eacute;quence directe de ce taux &eacute;lev&eacute; d&#39;&eacute;quipement,&nbsp; 61% des coll&eacute;giens et 49% des lyc&eacute;ens passent plus d&#39;une heure par jour sur Facebook, selon le &hellip;<\/p>\n<p class=\"read-more\"> <a class=\"more-link\" href=\"https:\/\/libreduc.cc\/blog\/astuce\/2012\/03\/26\/les-adolescents-francais-accros-au-web-92-des-lyceens-ont-un-profil-facebook\/\"> <span class=\"screen-reader-text\">Les adolescents fran\u00e7ais accros au Web : 92% des lyc\u00e9ens ont un profil Facebook<\/span> Read More &raquo;<\/a><\/p>\n","protected":false},"author":1,"featured_media":0,"comment_status":"open","ping_status":"open","sticky":false,"template":"","format":"standard","meta":{"inline_featured_image":false,"footnotes":""},"categories":[2],"tags":[],"class_list":["post-1189","post","type-post","status-publish","format-standard","hentry","category-numerique"],"_links":{"self":[{"href":"https:\/\/libreduc.cc\/blog\/astuce\/wp-json\/wp\/v2\/posts\/1189","targetHints":{"allow":["GET"]}}],"collection":[{"href":"https:\/\/libreduc.cc\/blog\/astuce\/wp-json\/wp\/v2\/posts"}],"about":[{"href":"https:\/\/libreduc.cc\/blog\/astuce\/wp-json\/wp\/v2\/types\/post"}],"author":[{"embeddable":true,"href":"https:\/\/libreduc.cc\/blog\/astuce\/wp-json\/wp\/v2\/users\/1"}],"replies":[{"embeddable":true,"href":"https:\/\/libreduc.cc\/blog\/astuce\/wp-json\/wp\/v2\/comments?post=1189"}],"version-history":[{"count":0,"href":"https:\/\/libreduc.cc\/blog\/astuce\/wp-json\/wp\/v2\/posts\/1189\/revisions"}],"wp:attachment":[{"href":"https:\/\/libreduc.cc\/blog\/astuce\/wp-json\/wp\/v2\/media?parent=1189"}],"wp:term":[{"taxonomy":"category","embeddable":true,"href":"https:\/\/libreduc.cc\/blog\/astuce\/wp-json\/wp\/v2\/categories?post=1189"},{"taxonomy":"post_tag","embeddable":true,"href":"https:\/\/libreduc.cc\/blog\/astuce\/wp-json\/wp\/v2\/tags?post=1189"}],"curies":[{"name":"wp","href":"https:\/\/api.w.org\/{rel}","templated":true}]}}