{"id":1258,"date":"2012-08-20T12:14:59","date_gmt":"2012-08-20T12:14:59","guid":{"rendered":"https:\/\/libreduc.cc\/blog\/astuce\/?p=1258"},"modified":"2012-08-20T12:14:59","modified_gmt":"2012-08-20T12:14:59","slug":"facebook-sous-surveillance","status":"publish","type":"post","link":"https:\/\/libreduc.cc\/blog\/astuce\/2012\/08\/20\/facebook-sous-surveillance\/","title":{"rendered":"Facebook sous surveillance"},"content":{"rendered":"<p><img loading=\"lazy\" decoding=\"async\" align=\"left\" alt=\"[legende-image]2308[\/legende-image]\" border=\"1\" height=\"75\" hspace=\"5\" src=\"http:\/\/chantenay-clg44.e-lyco.fr\/lectureImageToolbox.do?TAG=[id-image]2308[\/id-image]\" style=\"border: 1px solid ! important;\" title=\"[titre-image]2308[\/titre-image]\" vspace=\"5\" width=\"75\" \/>Quelques jours apr&egrave;s avoir sign&eacute; un accord avec la FTC (Federal Trade Commission) concernant sa mise sous surveillance pendant 20 ans (<em>et oui, vous avez bien lu !<\/em> on voit bien l&agrave; l&#39;importance de la confidentialit&eacute; des donn&eacute;es), le r&eacute;seau social aux 955 millions d&#39;utilisateurs Facebook annonce que<strong> les photos supprim&eacute;es par leur propri&eacute;taire seront r&eacute;ellement effac&eacute;es<\/strong> des serveurs de la firme, enfin !<\/p>\n<p>\tJusqu&#39;&agrave; pr&eacute;sent, il suffisait en effet de connaitre l&#39;url (l&#39;<span class=\"lienGlossaire\">adresse<\/span> internet) d&#39;une photo supprim&eacute;e par son propri&eacute;taire sur <span class=\"lienGlossaire\" title=\"Facebook est un site Web de networking (r\u00e9seau social) destin\u00e9 au d\u00e9part \u00e0 rassembler les lyc\u00e9ens et les \u00e9tudiants (puis les jeunes employ\u00e9s et les militaires, une fois les dipl\u00f4mes acquis), en...\">Facebook<\/span> pour continuer &agrave; y acc&eacute;der. Preuve que les photos n&#39;&eacute;taient pas r&eacute;ellement supprim&eacute;es des serveurs. Une pratique ais&eacute;e par l&#39;utilisation des <span class=\"lienGlossaire\">moteurs<\/span> de recherches d&#39;images, tel <span class=\"lienGlossaire\" title=\"Google, Inc. est une soci\u00e9t\u00e9 fond\u00e9e le 7 septembre 1998 dans la Silicon Valley en Californie par Larry Page et Sergey Brin, auteurs du moteur de recherche Google. Depuis 2001, Eric Schmidt en est le PDG (CEO). La soci\u00e9t\u00e9 compte environ 12...\">Google<\/span> Images: beaucoup de photos restaient accessibles via une simple <span class=\"lienGlossaire\" title=\"La recherche scientifique d\u00e9signe en premier lieu l\u2019ensemble des actions entreprises en vue de produire et de d\u00e9velopper les connaissances scientifiques. Par extension m\u00e9tonymique, la recherche scientifique...\">recherche<\/span> sur ces moteurs.<\/p>\n<p>Facebook annonce d&eacute;sormais que les photos seront effac&eacute;es compl&egrave;tement au plus tard 30 <span class=\"lienGlossaire\">jours<\/span> apr&egrave;s leur suppression par leur propri&eacute;taire, comme l&#39;annonce la firme: &quot;Apr&egrave;s des <span class=\"lienGlossaire\">mois<\/span> de travail sur nos infrastructures, nous avons mis en place une limite de 30 jours sur nos liens CDN. Il est cependant possible que les liens disparaissent plus rapidement.&quot;<\/p>\n<p>\tLa semaine derni&egrave;re, Facebook a annonc&eacute; avoir conclu un accord avec la FTC, autorit&eacute; am&eacute;ricaine charg&eacute;e de l&#39;application du droit &agrave; la consommation, concernant la protection des <span class=\"lienGlossaire\">donn&eacute;es personnelles<\/span> sur le <span class=\"lienGlossaire\" title=\"Un r\u00e9seau social est un ensemble d'entit\u00e9s sociales tel que des individus ou des organisations sociales reli\u00e9s entre eux par des liens cr\u00e9\u00e9s lors des interactions sociales. Il se repr\u00e9sente par une structure ou une...\">r&eacute;seau social<\/span>. <strong>Cet accord <span class=\"lienGlossaire\">stipule<\/span> que Facebook fera l&#39;<span class=\"lienGlossaire\">objet<\/span> d&#39;audits r&eacute;guliers tous les 2 ans et pendant une dur&eacute;e de 20 ans.<\/strong> Ceci s&#39;apparente &agrave; une mise sous surveillance du <span class=\"lienGlossaire\">r&eacute;seau<\/span> social sur une longue p&eacute;riode, <strong>suite &agrave; divers manquements av&eacute;r&eacute;s de la part de Facebook<\/strong>.<\/p>\n","protected":false},"excerpt":{"rendered":"<p>Quelques jours apr&egrave;s avoir sign&eacute; un accord avec la FTC (Federal Trade Commission) concernant sa mise sous surveillance pendant 20 ans (et oui, vous avez bien lu ! on voit bien l&agrave; l&#39;importance de la confidentialit&eacute; des donn&eacute;es), le r&eacute;seau &hellip;<\/p>\n<p class=\"read-more\"> <a class=\"more-link\" href=\"https:\/\/libreduc.cc\/blog\/astuce\/2012\/08\/20\/facebook-sous-surveillance\/\"> <span class=\"screen-reader-text\">Facebook sous surveillance<\/span> Read More &raquo;<\/a><\/p>\n","protected":false},"author":1,"featured_media":0,"comment_status":"open","ping_status":"open","sticky":false,"template":"","format":"standard","meta":{"inline_featured_image":false,"footnotes":""},"categories":[4,2],"tags":[],"class_list":["post-1258","post","type-post","status-publish","format-standard","hentry","category-geek","category-numerique"],"_links":{"self":[{"href":"https:\/\/libreduc.cc\/blog\/astuce\/wp-json\/wp\/v2\/posts\/1258","targetHints":{"allow":["GET"]}}],"collection":[{"href":"https:\/\/libreduc.cc\/blog\/astuce\/wp-json\/wp\/v2\/posts"}],"about":[{"href":"https:\/\/libreduc.cc\/blog\/astuce\/wp-json\/wp\/v2\/types\/post"}],"author":[{"embeddable":true,"href":"https:\/\/libreduc.cc\/blog\/astuce\/wp-json\/wp\/v2\/users\/1"}],"replies":[{"embeddable":true,"href":"https:\/\/libreduc.cc\/blog\/astuce\/wp-json\/wp\/v2\/comments?post=1258"}],"version-history":[{"count":0,"href":"https:\/\/libreduc.cc\/blog\/astuce\/wp-json\/wp\/v2\/posts\/1258\/revisions"}],"wp:attachment":[{"href":"https:\/\/libreduc.cc\/blog\/astuce\/wp-json\/wp\/v2\/media?parent=1258"}],"wp:term":[{"taxonomy":"category","embeddable":true,"href":"https:\/\/libreduc.cc\/blog\/astuce\/wp-json\/wp\/v2\/categories?post=1258"},{"taxonomy":"post_tag","embeddable":true,"href":"https:\/\/libreduc.cc\/blog\/astuce\/wp-json\/wp\/v2\/tags?post=1258"}],"curies":[{"name":"wp","href":"https:\/\/api.w.org\/{rel}","templated":true}]}}