{"id":128,"date":"2009-04-26T12:14:12","date_gmt":"2009-04-26T10:14:12","guid":{"rendered":"https:\/\/libreduc.cc\/blog\/astuce\/?p=128"},"modified":"2009-04-26T12:14:12","modified_gmt":"2009-04-26T10:14:12","slug":"une-formation-en-ligne-pour-lutter-contre-les-discriminations","status":"publish","type":"post","link":"https:\/\/libreduc.cc\/blog\/astuce\/2009\/04\/26\/une-formation-en-ligne-pour-lutter-contre-les-discriminations\/","title":{"rendered":"Une formation en ligne pour lutter contre les discriminations"},"content":{"rendered":"<p><em>La HALDE a mis en ligne une \u00ab\u00a0formation \u00ab e-learning \u00bb pour pr\u00e9venir les discriminations dans l\u2019\u00e9ducation\u00a0\u00bb.<\/em><\/p>\n<p style=\"text-align: center;\"><img loading=\"lazy\" decoding=\"async\" class=\"aligncenter\" src=\"http:\/\/www.halde.fr\/halde\/img\/halde.gif\" alt=\"\" width=\"273\" height=\"75\" \/><\/p>\n<p><em> <\/em><br \/>\nSous la forme d&rsquo;animations mettant en sc\u00e8ne des situations de la vie de tous les jours, la HALDE explique ainsi des termes et rajoute des petits quizz \u00e0 la fin. C&rsquo;est vraiment int\u00e9ressant, cela peut \u00eatre une bonne ressource d&rsquo;information.<\/p>\n<p style=\"text-align: right;\"><a href=\"http:\/\/www.halde.fr\/Une-formation-e-learning-pour.html\" target=\"_blank\"><em>Site du module e-learning li\u00e9 \u00e0 l&rsquo;\u00e9ducation<\/em><\/a><\/p>\n<p><em> <\/em><\/p>\n<p style=\"text-align: right;\"><a href=\"http:\/\/www.halde.fr\/\" target=\"_blank\"><em>Site de la HALDE<\/em><\/a><\/p>\n","protected":false},"excerpt":{"rendered":"<p>La HALDE a mis en ligne une \u00ab\u00a0formation \u00ab e-learning \u00bb pour pr\u00e9venir les discriminations dans l\u2019\u00e9ducation\u00a0\u00bb. Sous la forme d&rsquo;animations mettant en sc\u00e8ne des situations de la vie de tous les jours, la HALDE explique ainsi des termes et &hellip;<\/p>\n<p class=\"read-more\"> <a class=\"more-link\" href=\"https:\/\/libreduc.cc\/blog\/astuce\/2009\/04\/26\/une-formation-en-ligne-pour-lutter-contre-les-discriminations\/\"> <span class=\"screen-reader-text\">Une formation en ligne pour lutter contre les discriminations<\/span> Read More &raquo;<\/a><\/p>\n","protected":false},"author":1,"featured_media":0,"comment_status":"open","ping_status":"open","sticky":false,"template":"","format":"standard","meta":{"inline_featured_image":false,"footnotes":""},"categories":[2],"tags":[],"class_list":["post-128","post","type-post","status-publish","format-standard","hentry","category-numerique"],"_links":{"self":[{"href":"https:\/\/libreduc.cc\/blog\/astuce\/wp-json\/wp\/v2\/posts\/128","targetHints":{"allow":["GET"]}}],"collection":[{"href":"https:\/\/libreduc.cc\/blog\/astuce\/wp-json\/wp\/v2\/posts"}],"about":[{"href":"https:\/\/libreduc.cc\/blog\/astuce\/wp-json\/wp\/v2\/types\/post"}],"author":[{"embeddable":true,"href":"https:\/\/libreduc.cc\/blog\/astuce\/wp-json\/wp\/v2\/users\/1"}],"replies":[{"embeddable":true,"href":"https:\/\/libreduc.cc\/blog\/astuce\/wp-json\/wp\/v2\/comments?post=128"}],"version-history":[{"count":0,"href":"https:\/\/libreduc.cc\/blog\/astuce\/wp-json\/wp\/v2\/posts\/128\/revisions"}],"wp:attachment":[{"href":"https:\/\/libreduc.cc\/blog\/astuce\/wp-json\/wp\/v2\/media?parent=128"}],"wp:term":[{"taxonomy":"category","embeddable":true,"href":"https:\/\/libreduc.cc\/blog\/astuce\/wp-json\/wp\/v2\/categories?post=128"},{"taxonomy":"post_tag","embeddable":true,"href":"https:\/\/libreduc.cc\/blog\/astuce\/wp-json\/wp\/v2\/tags?post=128"}],"curies":[{"name":"wp","href":"https:\/\/api.w.org\/{rel}","templated":true}]}}