{"id":1285,"date":"2012-09-24T21:39:04","date_gmt":"2012-09-24T21:39:04","guid":{"rendered":"https:\/\/libreduc.cc\/blog\/astuce\/?p=1285"},"modified":"2012-09-24T21:39:04","modified_gmt":"2012-09-24T21:39:04","slug":"logiciel-libre-et-economie-de-la-contribution-le-temps-de-la-deproletarisation","status":"publish","type":"post","link":"https:\/\/libreduc.cc\/blog\/astuce\/2012\/09\/24\/logiciel-libre-et-economie-de-la-contribution-le-temps-de-la-deproletarisation\/","title":{"rendered":"Logiciel libre et \u00e9conomie de la contribution : le temps de la d\u00e9prol\u00e9tarisation"},"content":{"rendered":"<p><strong>Lu sur <a href=\"http:\/\/www.framablog.org\/index.php\/post\/2010\/03\/08\/video-aigrain-zimmermann-stiegler-giffard\">Framablog <\/a>:<\/strong><\/p>\n<div class=\"b post post-content\">\n<p>Le 6 mars dernier <a class=\"offSite\" href=\"http:\/\/paigrain.debatpublic.net\/\">Philippe Aigrain<\/a> et <a class=\"offSite\" href=\"http:\/\/tofz.org\/\">J&eacute;r&eacute;mie Zimmermann<\/a> &eacute;taient invit&eacute;s par <a class=\"offSite\" href=\"http:\/\/alaingiffard.blogs.com\/\">Alain Giffard<\/a> et <a class=\"offSite\" href=\"http:\/\/www.arsindustrialis.org\/les-pages-de-bernard-stiegler\">Bernard Stiegler<\/a> dans le cadre des rencontres du Th&eacute;&acirc;tre de la Colline de l&rsquo;association <strong><a class=\"offSite\" href=\"http:\/\/www.arsindustrialis.org\/\">Ars Industrialis<\/a><\/strong>.<\/p>\n<p>Le titre &eacute;tait all&eacute;chant&nbsp;: <strong>Logiciel libre et &eacute;conomie de la contribution&nbsp;: le temps de la d&eacute;prol&eacute;tarisation<\/strong>.<\/p>\n<p>Et la <a class=\"offSite\" href=\"http:\/\/www.arsindustrialis.org\/logiciel-libre-et-%C3%A9conomie-de-la-contribution-le-temps-de-la-d%C3%A9prol%C3%A9tarisation\">pr&eacute;sentation<\/a> tout autant&nbsp;:<\/p>\n<blockquote>\n<p>Nous y accueillerons Philippe Aigrain et Jeremie Zimmermann, avec lesquels nous d&eacute;battrons des enjeux du logiciel libre du point de vue d&rsquo;une &eacute;conomie de la contribution, dans un contexte industriel marqu&eacute; par une extraordinaire croissance des technologies num&eacute;riques, qui p&eacute;n&egrave;trent d&eacute;sormais pratiquement tous les aspects de la vie quotidienne. Mais nous examinerons aussi cette question dans le souci de r&eacute;fl&eacute;chir aux possibilit&eacute;s et aux sp&eacute;cificit&eacute;s du mod&egrave;le contributif dans d&rsquo;autres secteurs que l&rsquo;&eacute;conomie num&eacute;rique elle-m&ecirc;me.<\/p>\n<p>Plus g&eacute;n&eacute;ralement, nous mettrons &agrave; l&rsquo;&eacute;preuve l&rsquo;hypoth&egrave;se selon laquelle le mouvement culturel, social et professionnel du logiciel libre et des creative commons constituent un pr&eacute;c&eacute;dent historique avec lequel, pour la premi&egrave;re fois dans l&rsquo;histoire industrielle, une tendance qui conduisait &agrave; ce que les processus de prol&eacute;tarisation, c&rsquo;est &agrave; dire de pertes de savoirs, affectant progressivement tous les acteurs de la soci&eacute;t&eacute; industrielle (producteurs, consommateurs, concepteurs, mais aussi investisseurs devenus sp&eacute;culateurs), semble se renverser en une tendance contraire, o&ugrave; la technologie industrielle est mise au service de la reconstitution de communaut&eacute;s de savoirs.<\/p>\n<p>C&rsquo;est comme extension de ce mouvement et des nouvelles caract&eacute;ristiques organisationnelles sur lesquelles il repose que le mod&egrave;le du logiciel libre, qui constitue la matrice de l&rsquo;&eacute;conomie de la contribution, annoncerait le d&eacute;passement des mod&egrave;les industriels productivistes et consum&eacute;ristes.<\/p>\n<\/blockquote>\n<p>Quelle frustration de ne pouvoir en &ecirc;tre&nbsp;!<\/p>\n<p>Mais merci &agrave; <a class=\"offSite\" href=\"http:\/\/www.christian-faure.net\/2010\/03\/06\/videos-de-la-seance-ars-industrialis-du-6-mars-2010\/\">Christian Faur&eacute;<\/a> d&rsquo;avoir enregistr&eacute; ce d&eacute;bat de haute vol&eacute;e (ce dernier pr&eacute;cise&nbsp;: &laquo;&nbsp;la discussion qui a suivi a &eacute;t&eacute; vraiment exceptionnelle, par exemple lors de l&rsquo;intervention d&rsquo;Alain Pierrot, vous la retrouverez bient&ocirc;t sur le site d&rsquo;Ars Industrialis&nbsp;&raquo;).<\/p>\n<h4>Bernard Stiegler<\/h4>\n<p>&mdash;&gt; La <a class=\"offSite\" href=\"http:\/\/blip.framatube.org\/100307_Conf_1-B.Stiegler_LL-et-economie-de-la-contribution.webm\">vid&eacute;o<\/a> au format webm<\/p>\n<h4>Philippe Aigrain<\/h4>\n<p>&mdash;&gt; La <a class=\"offSite\" href=\"http:\/\/blip.framatube.org\/100307_Conf_2-P.Aigrain_LL-et-economie-de-la-contribution.webm\">vid&eacute;o<\/a> au format webm<\/p>\n<h4>J&eacute;r&eacute;mie Zimmermann<\/h4>\n<p>&mdash;&gt; La <a class=\"offSite\" href=\"http:\/\/blip.framatube.org\/100307_Conf_3-J.Zimmermann_LL-et-economie-de-la-contribution.webm\">vid&eacute;o<\/a> au format webm<\/p>\n<h4>Alain Giffard<\/h4>\n<p>&mdash;&gt; La <a class=\"offSite\" href=\"http:\/\/blip.framatube.org\/100307_Conf_4-A.Giffard_LL-et-economie-de-la-contribution.webm\">vid&eacute;o<\/a> au format webm<\/p>\n<\/div>\n<p>&nbsp;<\/p>\n","protected":false},"excerpt":{"rendered":"<p>Lu sur Framablog : Le 6 mars dernier Philippe Aigrain et J&eacute;r&eacute;mie Zimmermann &eacute;taient invit&eacute;s par Alain Giffard et Bernard Stiegler dans le cadre des rencontres du Th&eacute;&acirc;tre de la Colline de l&rsquo;association Ars Industrialis. Le titre &eacute;tait all&eacute;chant&nbsp;: Logiciel &hellip;<\/p>\n<p class=\"read-more\"> <a class=\"more-link\" href=\"https:\/\/libreduc.cc\/blog\/astuce\/2012\/09\/24\/logiciel-libre-et-economie-de-la-contribution-le-temps-de-la-deproletarisation\/\"> <span class=\"screen-reader-text\">Logiciel libre et \u00e9conomie de la contribution : le temps de la d\u00e9prol\u00e9tarisation<\/span> Read More &raquo;<\/a><\/p>\n","protected":false},"author":1,"featured_media":0,"comment_status":"open","ping_status":"open","sticky":false,"template":"","format":"standard","meta":{"inline_featured_image":false,"footnotes":""},"categories":[4,2],"tags":[],"class_list":["post-1285","post","type-post","status-publish","format-standard","hentry","category-geek","category-numerique"],"_links":{"self":[{"href":"https:\/\/libreduc.cc\/blog\/astuce\/wp-json\/wp\/v2\/posts\/1285","targetHints":{"allow":["GET"]}}],"collection":[{"href":"https:\/\/libreduc.cc\/blog\/astuce\/wp-json\/wp\/v2\/posts"}],"about":[{"href":"https:\/\/libreduc.cc\/blog\/astuce\/wp-json\/wp\/v2\/types\/post"}],"author":[{"embeddable":true,"href":"https:\/\/libreduc.cc\/blog\/astuce\/wp-json\/wp\/v2\/users\/1"}],"replies":[{"embeddable":true,"href":"https:\/\/libreduc.cc\/blog\/astuce\/wp-json\/wp\/v2\/comments?post=1285"}],"version-history":[{"count":0,"href":"https:\/\/libreduc.cc\/blog\/astuce\/wp-json\/wp\/v2\/posts\/1285\/revisions"}],"wp:attachment":[{"href":"https:\/\/libreduc.cc\/blog\/astuce\/wp-json\/wp\/v2\/media?parent=1285"}],"wp:term":[{"taxonomy":"category","embeddable":true,"href":"https:\/\/libreduc.cc\/blog\/astuce\/wp-json\/wp\/v2\/categories?post=1285"},{"taxonomy":"post_tag","embeddable":true,"href":"https:\/\/libreduc.cc\/blog\/astuce\/wp-json\/wp\/v2\/tags?post=1285"}],"curies":[{"name":"wp","href":"https:\/\/api.w.org\/{rel}","templated":true}]}}