{"id":1304,"date":"2012-10-17T22:47:38","date_gmt":"2012-10-17T22:47:38","guid":{"rendered":"https:\/\/libreduc.cc\/blog\/astuce\/?p=1304"},"modified":"2012-10-17T22:47:38","modified_gmt":"2012-10-17T22:47:38","slug":"collegien-surequipe-edition-limitee","status":"publish","type":"post","link":"https:\/\/libreduc.cc\/blog\/astuce\/2012\/10\/17\/collegien-surequipe-edition-limitee\/","title":{"rendered":"Coll\u00e9gien sur\u00e9quip\u00e9 \u00e9dition limit\u00e9e"},"content":{"rendered":"<div class=\"metaPost\">\n<h2 class=\"author\"><span style=\"font-size:10px;\">Par <a href=\"http:\/\/owni.fr\/author\/claireberthelemy\/\" rel=\"author\" title=\"Claire Berthelemy\">Claire Berthelemy<\/a><\/span><\/h2>\n<\/div>\n<p><strong>Le bon vieux dictionnaire comme cadeau &agrave; l&#39;entr&eacute;e au coll&egrave;ge, c&#39;est termin&eacute; : cette ann&eacute;e les &eacute;l&egrave;ves de 6e du Val-de-Marne ont re&ccedil;u un ordinateur portable. Initiative louable mais non sans failles, qui ne dit pas si ces enfants en ont vraiment besoin. Analyse.<\/strong><\/p>\n<p style=\"text-align: center;\"><img loading=\"lazy\" decoding=\"async\" alt=\"\" class=\"alignnone size-full wp-image-121941\" height=\"420\" src=\"http:\/\/owni.fr\/files\/2012\/10\/ordinateur-education-ecole-tice-cg94-.jpg\" title=\"ordinateur-education-ecole-tice-cg94-\" width=\"630\" \/><\/p>\n<p>Le Conseil g&eacute;n&eacute;ral du Val-de-Marne a chouchout&eacute; ses &eacute;l&egrave;ves de sixi&egrave;me cette ann&eacute;e en leur offrant &agrave; leur entr&eacute;e au coll&egrave;ge un ordinateur portable. Un netbook d&rsquo;un peu plus d&rsquo;un kilo pour les accompagner tout au long de leur scolarit&eacute; de coll&eacute;gien. Et peu importe qu&rsquo;ils en poss&egrave;dent d&eacute;j&agrave; un. <a href=\"http:\/\/www.cg94.fr\/education\/22956-collegiens-et-enseignants-tous-equipes.html\" target=\"_blank\">Dans le texte<\/a>, l&rsquo;intention est au premier abord plut&ocirc;t sens&eacute;e :<\/p>\n<blockquote>\n<p>Une action destin&eacute;e &agrave; favoriser le d&eacute;veloppement des usages des Technologies de l&rsquo;information, de la communication et de l&rsquo;&eacute;ducation. En quatre ans, les 50 000 coll&eacute;giens du Val-de-Marne seront ainsi tous &eacute;quip&eacute;s !<\/p>\n<\/blockquote>\n<h2>Libert&eacute;, &eacute;galit&eacute;, tous connect&eacute;s : louable certes.<\/h2>\n<p>Avec l&rsquo;intention de <em>&ldquo;favoriser l&rsquo;autonomie, l&rsquo;&eacute;mancipation et la libert&eacute; d&rsquo;information des &eacute;l&egrave;ves&rdquo;<\/em>, ce partenariat avec l&rsquo;&Eacute;ducation nationale p&egrave;se avant tout la bagatelle de 25 millions d&rsquo;euros sur quatre ans de dispositif. <a href=\"http:\/\/www.cg94.fr\/education\/22956-collegiens-et-enseignants-tous-equipes.html\" target=\"_blank\">En plus des 13 millions d&rsquo;euros<\/a> d&eacute;j&agrave; budg&eacute;t&eacute;s dans le cadre de l&rsquo;&eacute;quipement informatique des coll&egrave;ges. L&rsquo;objet (1,3 kilo) poss&egrave;de une session &eacute;l&egrave;ve et une session parent, une clef USB et un syst&egrave;me antivol qui rend l&rsquo;ordinateur inutilisable d&egrave;s qu&rsquo;il est d&eacute;clar&eacute; vol&eacute;. Pour accompagner les parents, une hotline au &ldquo;prix d&rsquo;un appel local&rdquo;. Le v&eacute;ritable kit pour pousser les parents &agrave; mettre le nez dans l&rsquo;Internet et les nouvelles technologies. Quant aux enseignants, &eacute;quip&eacute;s eux aussi, ils pourront &ndash; en th&eacute;orie &ndash; recevoir une formation dispens&eacute;e par l&rsquo;Education nationale.<\/p>\n<p><a href=\"http:\/\/vimeo.com\/48532448#at=0\">La vid&eacute;o de pr&eacute;sentation d&rsquo;Ordival<\/a> &ndash; le petit nom du programme d&rsquo;offre de ces ordinateurs &ndash; &agrave; destination des enfants le dit clairement : 205 tableaux num&eacute;riques install&eacute;s dans les coll&egrave;ges du d&eacute;partement, toutes les classes de tous les coll&egrave;ges reli&eacute;s &agrave; Internet d&rsquo;ici fin 2013, 40 logiciels install&eacute;s sur chaque ordinateur, un contr&ocirc;le parental et une protection antivol sur toutes les &ldquo;machines&rdquo;. Et <a href=\"http:\/\/vimeo.com\/48445816\" target=\"_blank\">&agrave; destination des parents et de la presse<\/a>, le discours est le m&ecirc;me, petit moment M6 Boutique en bonus en d&eacute;but de vid&eacute;o. Sur les 13 300, Patrick Hervy, l&rsquo;un des responsables du programme au Conseil g&eacute;n&eacute;ral pr&eacute;cise que <em>&ldquo;6 &agrave; 7 000 ordinateurs ont &eacute;t&eacute; pour le moment distribu&eacute;s. D&rsquo;une valeur de 340 euros pour les coll&eacute;giens et 540 pour les enseignants.&rdquo;<\/em><\/p>\n<h2>Mais en ont-ils vraiment TOUS besoin ?<\/h2>\n<p>Pour Patrick Hervy, l&rsquo;&eacute;quipement de tous les coll&eacute;giens, ind&eacute;pendamment de leurs conditions sociales &eacute;tait indispensable :<\/p>\n<blockquote>\n<p>Nous souhaitons niveler du bas vers le haut. Les m&ecirc;mes &eacute;quipements pour tout le monde. Si l&rsquo;on prend l&rsquo;exemple de Saint-Maur [commune ais&eacute;e du d&eacute;partement, ndlr], les familles sont peut-&ecirc;tre d&eacute;j&agrave; &eacute;quip&eacute;es mais l&rsquo;ordinateur n&rsquo;est pas n&eacute;cessairement destin&eacute; &agrave; &ecirc;tre un outil de travail. Ils contiennent en outre une m&eacute;diath&egrave;que qui n&rsquo;est pas installable sur un ordinateur lambda. C&rsquo;est un principe d&rsquo;&eacute;galit&eacute; d&rsquo;&eacute;cole r&eacute;publicaine qui pr&eacute;vaut.<\/p>\n<\/blockquote>\n<p>Peu importe que l&rsquo;enfant en poss&egrave;de d&eacute;j&agrave; un et que la famille soit assez ais&eacute;e. L&rsquo;essentiel &eacute;tant qu&rsquo;il puisse l&rsquo;emmener au coll&egrave;ge si et quand le prof le demande. <em>&ldquo;Aucun &eacute;tablissement n&rsquo;a d&eacute;cid&eacute; de faire en sorte qu&rsquo;il y ait 30 gamins devant leur ordi 8 heures par jour !&rdquo;<\/em> explique Patrick Hervy.<\/p>\n<p>M. Fran&ccedil;ois, adjoint du principal du coll&egrave;ge de Valenton est enthousiaste :<\/p>\n<blockquote>\n<p>La distribution a eu lieu ce samedi et la r&eacute;ception a &eacute;t&eacute; plut&ocirc;t bonne. Les professeurs vont travailler avec les &eacute;l&egrave;ves sur ordinateur et &ccedil;a va am&eacute;liorer la p&eacute;dagogie. On leur a dit qu&rsquo;ils avaient de la chance d&rsquo;en avoir un chacun.<\/p>\n<\/blockquote>\n<p>Le coll&egrave;ge &ndash; class&eacute; en ZEP &ndash; &eacute;tant exp&eacute;rimental poss&egrave;de d&eacute;j&agrave; des tableaux num&eacute;riques interactifs dans chaque salle de classe.<\/p>\n<p>Moins d&rsquo;enthousiasme dans un autre coll&egrave;ge du d&eacute;partement. Une principale, qui a pr&eacute;f&eacute;r&eacute; rester anonyme explique que l&rsquo;initiative du Conseil g&eacute;n&eacute;ral est tr&egrave;s bonne mais qu&rsquo;elle implique beaucoup de choses. <em>&ldquo;C&rsquo;est un gros budget, mais la technologie pourra &ecirc;tre tr&egrave;s vite d&eacute;pass&eacute;e. En cas de p&eacute;pin, perte ou vol c&rsquo;est le coll&egrave;ge qui va g&eacute;rer.&rdquo;<\/em>, explique-t-elle.<\/p>\n<p>La question de la distribution &agrave; tous se pose aussi pour la principale :<\/p>\n<blockquote>\n<p>Est-ce que &ccedil;a se justifie ?<\/p>\n<\/blockquote>\n<h2>Questions techniques et questions de pratiques<\/h2>\n<p>C&ocirc;t&eacute; technique, l&rsquo;Ordival est sous Windows 7 avec la possibilit&eacute; d&rsquo;acheter les licences des logiciels propri&eacute;taires. Mais sont install&eacute;s des logiciels libres pour les outils de base. &Agrave; la question de l&rsquo;autonomie, Patrick Hervy r&eacute;pond que <em>&ldquo;les ordinateurs ne sont pas fait pour rester allum&eacute;s pendant 8 heures de cours et que la batterie [neuve] a une autonomie de 7 heures&rdquo;<\/em>. Visiblement, nul besoin d&rsquo;&eacute;quiper les classes en multiprises. La premi&egrave;re ann&eacute;e en tout cas.<\/p>\n<p>&Agrave; un parent qui a pos&eacute; la question lors d&rsquo;une distribution dans un coll&egrave;ge, l&rsquo;un des techniciens pr&eacute;sent a r&eacute;pondu que <em>&ldquo;s&rsquo;il &eacute;tait charg&eacute; tout le temps sur secteur, il ne tiendra[it] pas un an&rdquo;<\/em>. Difficile de mesurer de quelle fa&ccedil;on les coll&eacute;giens s&rsquo;en serviront, d&rsquo;autant que &ldquo;l&rsquo;astuce technique&rdquo; n&rsquo;est pr&eacute;cis&eacute;e nulle part. &Agrave; nouveau mat&eacute;riel, nouvel usage technique &agrave; acqu&eacute;rir.<\/p>\n<p>La principale d&rsquo;un coll&egrave;ge d&rsquo;une commune ais&eacute;e pr&eacute;cise :<\/p>\n<blockquote>\n<p>Les enseignants sont plus ou moins r&eacute;ticent d&eacute;j&agrave;. Ensuite, nous n&rsquo;avons pas de prises dans les salles, [pas assez pour brancher plus de deux ordinateurs, ndlr], comment faire quand certains auront oubli&eacute; de charger leur ordinateur la veille ? M&ecirc;me question s&rsquo;ils oublient leur ordinateur tout court ?<\/p>\n<\/blockquote>\n<p>Pour cette principale, la r&eacute;ussite de l&rsquo;op&eacute;ration va aussi passer par <em>&ldquo;la motivation des enseignants&rdquo;<\/em>. Que r&eacute;pondre &agrave; un professeur qui lui explique <em>&ldquo;qu&rsquo;il pr&eacute;f&egrave;re sa plume et son papier, m&ecirc;me si on est pas au XIX&egrave;me si&egrave;cle&rdquo;<\/em> ?<\/p>\n<div style=\"margin-top:25px; margin-bottom:25px\">\n<blockquote class=\"twitter-tweet tw-align-center\" data-twttr-rendered=\"true\" lang=\"fr\">\n<p>L&rsquo;&eacute;ducation doit saisir les nouvelles technologiques et avoir l&rsquo;esprit critique pour les dominer <a href=\"https:\/\/twitter.com\/search\/%23concertation\">#concertation<\/a><\/p>\n<p>&mdash; Elysee (@Elysee) <a data-datetime=\"2012-10-09T10:15:59+00:00\" href=\"https:\/\/twitter.com\/Elysee\/status\/255612565114195968\">Octobre 9, 2012<\/a><\/p>\n<\/blockquote>\n<p>&nbsp;<\/p>\n<\/div>\n<h2>Et ailleurs ?<\/h2>\n<p>L&rsquo;initiative n&rsquo;est pas nouvelle mais elle est la plus co&ucirc;teuse &ndash; pour des raisons de d&eacute;ploiement et de proportion notamment. En septembre 2010, le Conseil g&eacute;n&eacute;ral des Hauts de Seine avait pourvu chacun de ses coll&egrave;ges de deux iPad. Montant de l&rsquo;op&eacute;ration : 133 coll&egrave;ges avec 2 iPad = <a href=\"http:\/\/www.zdnet.fr\/actualites\/l-ipad-fait-son-entree-dans-les-colleges-des-hauts-de-seine-39754964.htm\" target=\"_blank\">185 000 euros<\/a> pour <a href=\"http:\/\/www.inegalites.fr\/spip.php?article1466&amp;id_mot=109\" target=\"_blank\">l&rsquo;un des d&eacute;partements les plus riches de France<\/a>.<\/p>\n<p><a href=\"http:\/\/www.liberation.fr\/societe\/01012293228-ipad-dans-les-colleges-des-hauts-de-seine-interet-pedagogique-ou-coup-de-pub\">Dans les colonnes de <em>Lib&eacute;ration<\/em><\/a> &agrave; l&rsquo;&eacute;poque, Antoine Tresgots, d&eacute;l&eacute;gu&eacute; national du syndicat des enseignants de l&rsquo;Unsa d&eacute;clarait :<\/p>\n<blockquote>\n<p>Quand la collectivit&eacute; d&eacute;cide de balancer du mat&eacute;riel sans aucun lien avec les demandes des enseignants, &ccedil;a n&rsquo;a aucun sens. C&rsquo;est une magnifique op&eacute;ration de communication.<\/p>\n<\/blockquote>\n<p>M&ecirc;me type d&rsquo;op&eacute;ration mais de plus grande envergure cette fois &ndash; de l&rsquo;ordre de celle du Val-de-Marne, collectivit&eacute; territoriale diff&eacute;rente -, la distribution d&rsquo;ordinateurs portables par la r&eacute;gion Languedoc-Roussillon &agrave; ses 32 000 &eacute;l&egrave;ves de seconde <a href=\"http:\/\/www.midilibre.fr\/2011\/04\/13\/bientot-un-pc-pour-les-lyceens-de-seconde,303401.php\">&agrave; la rentr&eacute;e 2011<\/a>. Budget allou&eacute; : 15 millions d&rsquo;euros sur trois ans. <a href=\"http:\/\/www.laregion.fr\/3320-lordi.htm\">Le programme LoRdi<\/a> a r&eacute;cemment &eacute;t&eacute; au centre d&rsquo;une pol&eacute;mique au sein de la r&eacute;gion puisque 12 ordinateurs avaient &eacute;t&eacute; retrouv&eacute;s <a href=\"http:\/\/www.midilibre.fr\/2012\/08\/22\/e-net,551525.php\">en vente sur &ldquo;Le Bon Coin&rdquo; et autres sites de vente d&rsquo;occasion en ligne<\/a>.<\/p>\n<p>Motifs invoqu&eacute;s par les lyc&eacute;ens vendeurs ? Besoin d&rsquo;argent et inutilit&eacute; de l&rsquo;objet. Un adolescent interrog&eacute; par le <em>Midi Libre<\/em> explique surtout que :<\/p>\n<blockquote>\n<p>On ne peut quasiment pas s&rsquo;en servir au lyc&eacute;e et il y a m&ecirc;me certains profs qui y sont allergiques. Enfin, la plupart d&rsquo;entre nous en avaient d&eacute;j&agrave; un avant, bien meilleur.<\/p>\n<\/blockquote>\n<p>Tandis qu&rsquo;une autre lyc&eacute;enne (vendeuse) pr&eacute;cise que l&rsquo;ordinateur leur a &eacute;t&eacute; distribu&eacute; <em>&ldquo;sans [leur] demander [leur] avis, sans explication, comme on [leur] sert des frites &agrave; la cantine :<\/em><\/p>\n<blockquote>\n<p>&Agrave; aucun moment un prof nous a demand&eacute; de l&rsquo;utiliser. Je ne vois pas pourquoi je ne le vendrais pas. Il m&rsquo;encombre.<\/p>\n<\/blockquote>\n<hr \/>\n<p>Photo par <a href=\"https:\/\/secure.flickr.com\/photos\/kalexanderson\/6756394805\/\">Kalexanderson [CC-by-nc-sa]<\/a> remix O.Noor pour Owni<\/p>\n","protected":false},"excerpt":{"rendered":"<p>Par Claire Berthelemy Le bon vieux dictionnaire comme cadeau &agrave; l&#39;entr&eacute;e au coll&egrave;ge, c&#39;est termin&eacute; : cette ann&eacute;e les &eacute;l&egrave;ves de 6e du Val-de-Marne ont re&ccedil;u un ordinateur portable. Initiative louable mais non sans failles, qui ne dit pas si &hellip;<\/p>\n<p class=\"read-more\"> <a class=\"more-link\" href=\"https:\/\/libreduc.cc\/blog\/astuce\/2012\/10\/17\/collegien-surequipe-edition-limitee\/\"> <span class=\"screen-reader-text\">Coll\u00e9gien sur\u00e9quip\u00e9 \u00e9dition limit\u00e9e<\/span> Read More &raquo;<\/a><\/p>\n","protected":false},"author":1,"featured_media":0,"comment_status":"open","ping_status":"open","sticky":false,"template":"","format":"standard","meta":{"inline_featured_image":false,"footnotes":""},"categories":[2],"tags":[],"class_list":["post-1304","post","type-post","status-publish","format-standard","hentry","category-numerique"],"_links":{"self":[{"href":"https:\/\/libreduc.cc\/blog\/astuce\/wp-json\/wp\/v2\/posts\/1304","targetHints":{"allow":["GET"]}}],"collection":[{"href":"https:\/\/libreduc.cc\/blog\/astuce\/wp-json\/wp\/v2\/posts"}],"about":[{"href":"https:\/\/libreduc.cc\/blog\/astuce\/wp-json\/wp\/v2\/types\/post"}],"author":[{"embeddable":true,"href":"https:\/\/libreduc.cc\/blog\/astuce\/wp-json\/wp\/v2\/users\/1"}],"replies":[{"embeddable":true,"href":"https:\/\/libreduc.cc\/blog\/astuce\/wp-json\/wp\/v2\/comments?post=1304"}],"version-history":[{"count":0,"href":"https:\/\/libreduc.cc\/blog\/astuce\/wp-json\/wp\/v2\/posts\/1304\/revisions"}],"wp:attachment":[{"href":"https:\/\/libreduc.cc\/blog\/astuce\/wp-json\/wp\/v2\/media?parent=1304"}],"wp:term":[{"taxonomy":"category","embeddable":true,"href":"https:\/\/libreduc.cc\/blog\/astuce\/wp-json\/wp\/v2\/categories?post=1304"},{"taxonomy":"post_tag","embeddable":true,"href":"https:\/\/libreduc.cc\/blog\/astuce\/wp-json\/wp\/v2\/tags?post=1304"}],"curies":[{"name":"wp","href":"https:\/\/api.w.org\/{rel}","templated":true}]}}