{"id":1445,"date":"2013-07-03T17:48:20","date_gmt":"2013-07-03T17:48:20","guid":{"rendered":"https:\/\/libreduc.cc\/blog\/astuce\/?p=1445"},"modified":"2013-07-03T17:48:20","modified_gmt":"2013-07-03T17:48:20","slug":"quel-est-limpact-ecologique-du-telephone-portable-dinternet-et-de-tout-ce-que-nous-appelons-les-tic","status":"publish","type":"post","link":"https:\/\/libreduc.cc\/blog\/astuce\/2013\/07\/03\/quel-est-limpact-ecologique-du-telephone-portable-dinternet-et-de-tout-ce-que-nous-appelons-les-tic\/","title":{"rendered":"Quel est l\u2019impact \u00e9cologique du t\u00e9l\u00e9phone portable, d\u2019Internet, et de tout ce que nous appelons les \u00ab TIC \u00bb ?"},"content":{"rendered":"<p><strong>Un tr&egrave;s int&eacute;ressant article <a href=\"http:\/\/www.snalis.org\/Quel-est-l-impact-ecologique-du\">publi&eacute; par l&#39;association SNALIS<\/a> :<\/strong><\/p>\n<div class=\"surlignable\">\n<div class=\"chapo\">\n<p>Il est tr&egrave;s rare de s&rsquo;interroger sur les &laquo;&nbsp;faces cach&eacute;es de l&rsquo;immat&eacute;rialit&eacute;&nbsp;&raquo;, la pollution des composants &eacute;lectroniques en fin de vie, la pression sur les mati&egrave;res premi&egrave;res que fait peser la course technologique, la consommation d&rsquo;&eacute;nergie colossale g&eacute;n&eacute;r&eacute;e par tous ces appareils que depuis peu nous utilisons au quotidien.<\/p>\n<\/p><\/div>\n<div class=\"texte\">\n<p>Pour en parler, dans le cadre du partenariat avec Place de la Toile, le magazine des cultures num&eacute;riques de France Culture, ont &eacute;t&eacute; invit&eacute; trois des huit auteurs d&rsquo;un ouvrage de r&eacute;f&eacute;rence, &laquo;&nbsp;Impacts &eacute;cologiques des Technologies de l&rsquo;Information et de la Communication&nbsp;&raquo;<span class=\"spip_note_ref\">&nbsp;[<a class=\"spip_note\" href=\"http:\/\/www.snalis.org\/Quel-est-l-impact-ecologique-du#nb1\" id=\"nh1\" rel=\"footnote\" title=\"* (EDP Sciences Edition, 21 euros)\">1<\/a>]<\/span>.<\/p>\n<p>Furent pr&eacute;sents le samedi 26 janvier au micro de Xavier de la Porte et de Rue89&nbsp;:<\/p>\n<ul class=\"spip\">\n<li>Philippe Balin, ing&eacute;nieur et consultant &agrave; Solcap21&nbsp;;<\/li>\n<li>Fran&ccedil;oise Berthoud, directrice du groupe de recherche EcoInfo au CNRS&nbsp;;<\/li>\n<li>C&eacute;dric Gossart, ma&icirc;tre de conf&eacute;rences &agrave; l&rsquo;institut Mines-Telecom.<\/li>\n<\/ul>\n<p><strong>500 milliards d&rsquo;e-mails par jour<\/strong><br class=\"autobr\" \/><br \/>\n\t\t\tA premi&egrave;re vue, un courrier &eacute;lectronique qui transporte vos donn&eacute;es num&eacute;riques est plus &eacute;cologique qu&rsquo;un courrier physique qui doit utiliser camion, train, avion. Mais c&rsquo;est oublier que pour envoyer un e-mail, il vous faut un ordinateur, des r&eacute;seaux de communication, des serveurs de stockage&#8230; et surtout, on en envoie beaucoup plus qu&rsquo;on n&rsquo;a jamais envoy&eacute; de courriers.<\/p>\n<p><i>L&rsquo;utilisation d&rsquo;un t&eacute;l&eacute;phone portable dix minutes par jour repr&eacute;sente l&rsquo;&eacute;quivalent de 80 km en voiture sur une ann&eacute;e, rappellent les auteurs.<\/i> Un chiffre en soi pas tr&egrave;s &eacute;lev&eacute;&#8230; sauf qu&rsquo;il faut le multiplier par six milliards, soit le nombre de portables dans le monde&nbsp;!<\/p>\n<p>L&rsquo;Ademe, l&rsquo;agence de la ma&icirc;trise de l&rsquo;&eacute;nergie, estimait dans un rapport paru en 2011 qu&rsquo;en 2013 le nombre de courriers &eacute;lectroniques &eacute;chang&eacute;s d&eacute;passerait les 500 milliards par jour (spams inclus). Au rythme o&ugrave; l&rsquo;on va, la contribution des TIC aux &eacute;missions de gaz &agrave; effet de serre pourrait passer de 2% en 2005 &agrave; 4% en 2020.<\/p>\n<p>Il est donc urgent de r&eacute;fl&eacute;chir &agrave; une consommation plus responsable de ces outils. D&rsquo;autant que les r&eacute;serves de certains m&eacute;taux, comme le lithium des batteries, sont estim&eacute;es &agrave; seulement 10 &agrave; 15 ans.<\/p>\n<p><strong>Une pression sur les ressources &laquo;&nbsp;insoutenable&nbsp;&raquo;<\/strong><\/p>\n<dl class=\"spip_document_222 spip_documents spip_documents_center\">\n<dt><img loading=\"lazy\" decoding=\"async\" alt=\"PNG - 55&nbsp;ko\" height=\"398\" src=\"http:\/\/www.snalis.org\/local\/cache-vignettes\/L500xH398\/cycle_de_vie-d1661.png\" style=\"\" width=\"500\" \/><\/dt>\n<\/dl>\n<p>Dans l&rsquo;ouvrage qu&rsquo;ils ont r&eacute;dig&eacute;, les trois invit&eacute;s ont utilis&eacute; la m&eacute;thode de l&rsquo;analyse du cycle de vie, qui int&egrave;gre l&rsquo;impact environnemental d&rsquo;un produit pour sa phase de production, d&rsquo;utilisation et sa fin de vie. Philippe Balin a utilement pr&eacute;cis&eacute; que&nbsp;:<br class=\"autobr\" \/><br \/>\n\t\t\t&laquo;&nbsp;Souvent, on parle de l&rsquo;impact CO2, mais c&rsquo;est l&rsquo;arbre qui cache la for&ecirc;t. La pression sur les ressources non renouvelables, notamment les m&eacute;taux, devient insoutenable.&nbsp;&raquo;<\/p>\n<p>Par exemple, l&rsquo;extraction de silicium, utilis&eacute; pour fabriquer les &eacute;crans de portables et d&rsquo;iPad, n&eacute;cessite beaucoup d&rsquo;eau, &laquo;&nbsp;obligeant les riverains des mines dans les pays en d&eacute;veloppement &agrave; aller chercher de l&rsquo;eau beaucoup plus loin&nbsp;&raquo;, ajoute-t-il.<\/p>\n<p>C&eacute;dric Gossart nous fait part des conclusions tir&eacute;es des 400 r&eacute;f&eacute;rences du livre&nbsp;:<br class=\"autobr\" \/><br \/>\n\t\t\tl&rsquo;impact le plus important de ces technologies se situe avant la phase d&rsquo;utilisation, d&rsquo;o&ugrave; l&rsquo;importance de r&eacute;duire non seulement la consommation mais aussi les achats&nbsp;;<br class=\"autobr\" \/><br \/>\n\t\t\tdans un t&eacute;l&eacute;phone portable, c&rsquo;est l&rsquo;&eacute;cran qui est le plus impactant, puis nl&rsquo;&eacute;lectronique, et enfin la batterie et le chargeur&nbsp;;<br class=\"autobr\" \/><br \/>\n\t\t\tdans un ordinateur, la carte m&egrave;re repr&eacute;sente 8% du poids, mais 54% du PC en terme d&rsquo;impact &eacute;cologique.<\/p>\n<p><strong>Les bonnes pratiques &agrave; retenir<\/strong><\/p>\n<p>Les requ&ecirc;tes<br class=\"autobr\" \/><br \/>\n\t\t\tIl y a trois ans, une &eacute;tude avait fait du bruit en affirmant qu&rsquo;une requ&ecirc;te Google &eacute;mettait 7g de CO2, soit autant que de faire chauffer une demi-bouilloire. On avait appris juste apr&egrave;s que l&rsquo;&eacute;tude &eacute;tait biais&eacute;e.<\/p>\n<p>Une seule chose est s&ucirc;re&nbsp;: si on sait o&ugrave; on veut aller, &laquo;&nbsp;mieux vaut rentrer une adresse URL dans l&rsquo;explorateur Internet plut&ocirc;t que de faire appel &agrave; un moteur de recherche, car c&rsquo;est de l&rsquo;&eacute;nergie d&eacute;pens&eacute;e pour rien,&nbsp;&raquo; remarque Philippe Balin.<\/p>\n<p>&laquo;&nbsp;Il faut &eacute;norm&eacute;ment d&rsquo;&eacute;nergie pour refroidir les serveurs de stockage de donn&eacute;es, et surtout pour qu&rsquo;ils soient en permanence disponibles en cas de panne,&nbsp;&raquo; rappelle Fran&ccedil;oise Berthoud. Des serveurs qu&rsquo;on ne voit jamais, mais qui sont la face cach&eacute;e de ce monde immat&eacute;riel.<\/p>\n<p>Les envois d&rsquo;emails<br class=\"autobr\" \/><br \/>\n\t\t\tL&rsquo;Ademe nous apprend aussi que &laquo;&nbsp;r&eacute;duire de 10% l&rsquo;envoi de courriels incluant syst&eacute;matiquement son responsable et un de ses coll&egrave;gues au sein d&rsquo;une entreprise de 100 personnes permet un gain d&rsquo;environ 1 tonne &eacute;quivalent CO2sur l&rsquo;ann&eacute;e (soit environ 1 aller-retour Paris\/New-York)&nbsp;&raquo;. De quoi facilement r&eacute;duire son empreinte carbone&nbsp;!<\/p>\n<p>Les logiciels<br class=\"autobr\" \/><br \/>\n\t\t\tLes programmeurs de logiciels utilisent trop souvent des solutions rapides et in&eacute;l&eacute;gantes, dites &laquo;&nbsp;quick and dirty&nbsp;&raquo;, alors qu&rsquo;ils pourraient &eacute;co-concevoir les logiciels, estiment les auteurs. Surtout, &laquo;&nbsp;l&rsquo;impossibilit&eacute; de continuer &agrave; faire fonctionner un logiciel avec un appareil datant de 5 ans&nbsp;&raquo; g&eacute;n&egrave;re une obsolescence syst&eacute;mique, explique Fran&ccedil;oise Berthoud.<\/p>\n<p>Les appareils<br class=\"autobr\" \/><br \/>\n\t\t\tOn change en moyenne de t&eacute;l&eacute;phone portable tous les 18 mois, de PC tous les trois ans, or c&rsquo;est la r&eacute;duction de cette dur&eacute;e d&rsquo;utilisation qui est la plus n&eacute;faste sur l&rsquo;environnement. Et ce n&rsquo;est pas parce que le prochain appareil consommera moins que le pr&eacute;c&eacute;dent que c&rsquo;est une bonne id&eacute;e d&rsquo;en changer. A nous de se rappeler que &laquo;&nbsp;s&rsquo;il n&rsquo;y a pas de client, il n&rsquo;y a pas de produit&nbsp;&raquo;, note Philippe Balin.<\/p>\n<p>Le recyclage<br class=\"autobr\" \/><br \/>\n\t\t\tIl a beau &ecirc;tre pr&eacute;vu par la directive DEEE, le recyclage des t&eacute;l&eacute;phones portables n&rsquo;est pas encore une r&eacute;alit&eacute;&nbsp;: &laquo;&nbsp;On est &agrave; moins de 30% de collecte sur les 200 millions de TIC mis sur le march&eacute; chaque ann&eacute;e&nbsp;&raquo;, souligne C&eacute;dric Gossart.<\/p>\n<p>Outre ceux qui croupissent dans nos placards, une partie des d&eacute;chets part dans les pays en d&eacute;veloppement, o&ugrave; ils terminent souvent dans des d&eacute;charges, et o&ugrave; leur d&eacute;pouillement se fait dans des conditions sanitaires d&eacute;plorables.<\/p>\n<p>Pour faciliter des comportements plus vertueux, les auteurs pr&eacute;conisent un meilleur affichage de l&rsquo;impact environnemental de ces mat&eacute;riels, &agrave; l&rsquo;instar de ce qui se fait dans l&rsquo;&eacute;lectrom&eacute;nager.<\/p>\n<p><span class=\"spip_note_ref\">&nbsp;[<a class=\"spip_note\" href=\"http:\/\/www.snalis.org\/Quel-est-l-impact-ecologique-du#nb2\" id=\"nh2\" rel=\"footnote\" title=\"*Le livre est sign\u00e9 du groupe de recherche EcoInfo et \u00e9crit par huit auteurs.&nbsp;(...)\">2<\/a>]<\/span><\/p>\n<blockquote class=\"spip\"><p>&nbsp;<\/p><\/blockquote><\/div>\n<\/div>\n<div class=\"zoombox\">&nbsp;<\/div>\n<div class=\"notes surlignable\">\n<h2 class=\"h2 pas_surlignable\">Notes<\/h2>\n<div id=\"nb1\">\n<p><span class=\"spip_note_ref\">[<a class=\"spip_note\" href=\"http:\/\/www.snalis.org\/Quel-est-l-impact-ecologique-du#nh1\" rev=\"footnote\" title=\"Notes 1\">1<\/a>]&nbsp;<\/span>* (EDP Sciences Edition, 21 euros)<\/p>\n<\/p><\/div>\n<div id=\"nb2\">\n<p><span class=\"spip_note_ref\">[<a class=\"spip_note\" href=\"http:\/\/www.snalis.org\/Quel-est-l-impact-ecologique-du#nh2\" rev=\"footnote\" title=\"Notes 2\">2<\/a>]&nbsp;<\/span>*Le livre est sign&eacute; du groupe de recherche EcoInfo et &eacute;crit par huit auteurs. Y ont aussi particip&eacute;&nbsp;: Am&eacute;lie Bohas, Carole Charbuilet, Eric Drezet, Jean-Daniel Dubois, C&eacute;dric Gossart et Marianne Parry.<\/p>\n<\/p><\/div>\n<\/div>\n","protected":false},"excerpt":{"rendered":"<p>Un tr&egrave;s int&eacute;ressant article publi&eacute; par l&#39;association SNALIS : Il est tr&egrave;s rare de s&rsquo;interroger sur les &laquo;&nbsp;faces cach&eacute;es de l&rsquo;immat&eacute;rialit&eacute;&nbsp;&raquo;, la pollution des composants &eacute;lectroniques en fin de vie, la pression sur les mati&egrave;res premi&egrave;res que fait peser la &hellip;<\/p>\n<p class=\"read-more\"> <a class=\"more-link\" href=\"https:\/\/libreduc.cc\/blog\/astuce\/2013\/07\/03\/quel-est-limpact-ecologique-du-telephone-portable-dinternet-et-de-tout-ce-que-nous-appelons-les-tic\/\"> <span class=\"screen-reader-text\">Quel est l\u2019impact \u00e9cologique du t\u00e9l\u00e9phone portable, d\u2019Internet, et de tout ce que nous appelons les \u00ab TIC \u00bb ?<\/span> Read More &raquo;<\/a><\/p>\n","protected":false},"author":1,"featured_media":0,"comment_status":"open","ping_status":"open","sticky":false,"template":"","format":"standard","meta":{"inline_featured_image":false,"footnotes":""},"categories":[2,3],"tags":[],"class_list":["post-1445","post","type-post","status-publish","format-standard","hentry","category-numerique","category-technologie"],"_links":{"self":[{"href":"https:\/\/libreduc.cc\/blog\/astuce\/wp-json\/wp\/v2\/posts\/1445","targetHints":{"allow":["GET"]}}],"collection":[{"href":"https:\/\/libreduc.cc\/blog\/astuce\/wp-json\/wp\/v2\/posts"}],"about":[{"href":"https:\/\/libreduc.cc\/blog\/astuce\/wp-json\/wp\/v2\/types\/post"}],"author":[{"embeddable":true,"href":"https:\/\/libreduc.cc\/blog\/astuce\/wp-json\/wp\/v2\/users\/1"}],"replies":[{"embeddable":true,"href":"https:\/\/libreduc.cc\/blog\/astuce\/wp-json\/wp\/v2\/comments?post=1445"}],"version-history":[{"count":0,"href":"https:\/\/libreduc.cc\/blog\/astuce\/wp-json\/wp\/v2\/posts\/1445\/revisions"}],"wp:attachment":[{"href":"https:\/\/libreduc.cc\/blog\/astuce\/wp-json\/wp\/v2\/media?parent=1445"}],"wp:term":[{"taxonomy":"category","embeddable":true,"href":"https:\/\/libreduc.cc\/blog\/astuce\/wp-json\/wp\/v2\/categories?post=1445"},{"taxonomy":"post_tag","embeddable":true,"href":"https:\/\/libreduc.cc\/blog\/astuce\/wp-json\/wp\/v2\/tags?post=1445"}],"curies":[{"name":"wp","href":"https:\/\/api.w.org\/{rel}","templated":true}]}}