{"id":1450,"date":"2013-07-10T10:48:49","date_gmt":"2013-07-10T10:48:49","guid":{"rendered":"https:\/\/libreduc.cc\/blog\/astuce\/?p=1450"},"modified":"2013-07-10T10:48:49","modified_gmt":"2013-07-10T10:48:49","slug":"etude-europeenne-sur-les-tic-a-lecole","status":"publish","type":"post","link":"https:\/\/libreduc.cc\/blog\/astuce\/2013\/07\/10\/etude-europeenne-sur-les-tic-a-lecole\/","title":{"rendered":"\u00c9tude europ\u00e9enne sur les TIC \u00e0 l&#039;\u00e9cole"},"content":{"rendered":"<p><a data-mce-=\"\" href=\"https:\/\/ec.europa.eu\/digital-agenda\/node\/51275\" target=\"_blank\" title=\"https:\/\/ec.europa.eu\/digital-agenda\/node\/51275\"><img loading=\"lazy\" decoding=\"async\" alt=\"4682d9e410.jpg\" border=\"0\" class=\"alignleft\" data-mce-=\"\" data-mce-style=\"border: 0px none;\" height=\"352\" src=\"http:\/\/www.technologieeducationculture.fr\/REvolution12\/modules\/upload\/upload\/4682d9e410.jpg\" style=\"border: 0px none;\" width=\"249\" \/><\/a><strong>La Commission europ&eacute;enne a mis en ligne un rapport intitul&eacute; &laquo; Enqu&ecirc;te sur les &eacute;coles : les TIC dans l&#39;&eacute;ducation &raquo; relatif &agrave; l&#39;usage des technologies num&eacute;riques dans les &eacute;coles. Les &eacute;l&egrave;ves comme les professeurs sont en g&eacute;n&eacute;ral favorables au num&eacute;rique, le nombre d&#39;ordinateurs ayant en outre doubl&eacute; depuis 2006. Si la majorit&eacute; des &eacute;coles se trouve d&eacute;sormais &laquo; connect&eacute;e &raquo; en ligne, le taux d&#39;utilisation des TIC ainsi que les niveaux d&#39;acquisition de comp&eacute;tences num&eacute;riques restent tr&egrave;s in&eacute;gaux.<\/strong><\/p>\n<div id=\"parent-fieldname-text\">\n<p>\n\t\tLe&nbsp;<a data-mce-=\"\" href=\"http:\/\/ec.europa.eu\/information_society\/newsroom\/cf\/dae\/document.cfm?doc_id=1800\" target=\"_blank\" title=\"Rapport: nouvelle fen\u00eatre\">Rapport<\/a>&nbsp;de la Commission europ&eacute;enne (f&eacute;vrier 2013) brosse un tableau de l&#39;usage des technologies &eacute;ducatives dans diff&eacute;rents domaines : &eacute;quipements, pratiques , degr&eacute; de confiance, attitudes.<\/p>\n<h2>Contexte de l&#39;enqu&ecirc;te<\/h2>\n<p>L&#39;enqu&ecirc;te rassemble des informations provenant de 31 pays europ&eacute;ens (les 27 &Eacute;tats membres de l&#39;UE, la Croatie, l&#39;Islande, la Norv&egrave;ge et la Turquie) permettant de fournir une analyse comparative d&eacute;taill&eacute;e, r&eacute;cente et fiable. L&#39;&eacute;tude a &eacute;t&eacute; men&eacute;e par<a data-mce-=\"\" href=\"http:\/\/www.eun.org\/\" target=\"_blank\" title=\"European Schoolnet: nouvelle fen\u00eatre\">European<\/a><a data-mce-=\"\" href=\"http:\/\/www.eun.org\/\" target=\"_blank\" title=\"European Schoolnet: nouvelle fen\u00eatre\"> Schoolnet<\/a>&nbsp;et l&#39;<a data-mce-=\"\" href=\"http:\/\/www.ulg.ac.be\/cms\/c_5000\/home\" target=\"_blank\" title=\"Universit\u00e9 de Li\u00e8ge: nouvelle fen\u00eatre\">Universit&eacute;<\/a><a data-mce-=\"\" href=\"http:\/\/www.ulg.ac.be\/cms\/c_5000\/home\" target=\"_blank\" title=\"Universit\u00e9 de Li\u00e8ge: nouvelle fen\u00eatre\"> de Li&egrave;ge<\/a>. Il s&#39;agit de la premi&egrave;re enqu&ecirc;te &agrave; l&#39;&eacute;chelle europ&eacute;enne interrogeant directement les &eacute;tudiants. Selon le communiqu&eacute; de presse de la base de donn&eacute;es RAPID,&nbsp;<em>&laquo; La pr&eacute;c&eacute;dente &eacute;tude (eEurope 2005) &eacute;tait ax&eacute;e principalement sur la fourniture d&#39;infrastructures. Le champ de l&#39;&eacute;tude publi&eacute;e aujourd&#39;hui a &eacute;t&eacute; &eacute;tendu &agrave; la fa&ccedil;on dont les TIC sont utilis&eacute;es et per&ccedil;ues et aux comp&eacute;tences en mati&egrave;re d&#39;utilisation des TIC. Cette enqu&ecirc;te s&#39;est d&eacute;roul&eacute;e entre janvier 2011 et novembre 2012. Dans quatre pays (l&#39;Allemagne, l&#39;Islande, les Pays-Bas et le Royaume-Uni), le taux de r&eacute;ponse &eacute;tait trop faible pour pouvoir &eacute;tablir des conclusions fiables. Les conclusions sont donc fond&eacute;es sur 190 000 r&eacute;ponses provenant des 27 autres pays. &raquo;<\/em>.<\/p>\n<h2>Principaux enseignements<\/h2>\n<ul>\n<li>Les pays scandinaves et nordiques (Norv&egrave;ge, Su&egrave;de, Finlande, Danemark) disposent du meilleur taux d&#39;&eacute;quipement ,&nbsp;<em>&laquo; tandis que les &eacute;l&egrave;ves polonais, roumains, italiens, grecs, hongrois et slovaques<\/em>&nbsp;<em>sont ceux qui risquent le plus de ne pas disposer des &eacute;quipements ad&eacute;quats &raquo;<\/em>&nbsp;;<\/li>\n<li>Les &eacute;tudiants ainsi que les enseignants ont la plus forte fr&eacute;quence d&#39;utilisation des TIC et des technologies d&#39;apprentissage num&eacute;riques en classe quand ils sont dans des &eacute;coles qui d&eacute;veloppent des politiques sp&eacute;cifiques d&#39;int&eacute;gration de ces outils (mesures incitatives pour les enseignants, mise en &oelig;uvre concr&egrave;te de mesures de soutien, d&eacute;veloppement professionnel des enseignants, mise &agrave; disposition de coordonnateurs TIC) ;<\/li>\n<li><strong>Le niveau de confiance des enseignants vis-&agrave;-vis du num&eacute;rique influe sur la&nbsp; fr&eacute;quence d&#39;usage des TIC en classe<\/strong> ;<\/li>\n<li>L&#39;utilisation des TIC des &eacute;l&egrave;ves pendant les cours est encore loin derri&egrave;re leurs pratiques num&eacute;riques en dehors de l&#39;&eacute;cole, ce qui affecte leur confiance dans leurs comp&eacute;tences num&eacute;riques ;<\/li>\n<li><strong>20 % des &eacute;l&egrave;ves &acirc;g&eacute;s de 13 ans environ n&#39;ont jamais ou presque jamais utilis&eacute; d&#39;ordinateur en classe<\/strong> ;<\/li>\n<li>En moyenne dans l&#39;UE, plus de la moiti&eacute; des &eacute;l&egrave;ves du secondaire utilisent les ordinateurs de bureau au moins une fois par semaine, et un &eacute;l&egrave;ve sur trois (13 ans environ) travaille au moins chaque semaine sur un tableau blanc interactif. Entre 28 et 46% des &eacute;l&egrave;ves disent utiliser leur propre t&eacute;l&eacute;phone mobile &agrave; des fins d&#39;apprentissage dans les &eacute;coles au moins une fois par semaine;<\/li>\n<li><strong>Aucune corr&eacute;lation n&#39;a &eacute;t&eacute; observ&eacute;e au niveau de l&#39;UE entre le niveau de d&#39;&eacute;quipement informatique dans les &eacute;coles et la fr&eacute;quence de son utilisation par les &eacute;l&egrave;ves. Pourtant, les enseignants et les chefs d&#39;&eacute;tablissement estiment que l&#39;insuffisance du mat&eacute;riel est le principal obstacle &agrave; l&#39;utilisation des TIC dans l&#39;enseignement<\/strong>;<\/li>\n<li>Les enseignants utilisent majoritairement les TIC dans le cadre de la pr&eacute;paration des cours.&nbsp;<\/li>\n<\/ul>\n<p>Les conclusions et recommandations de ce rapport de 163 pages s&#39;inscrivent dans les travaux de l&#39;<a data-mce-=\"\" href=\"http:\/\/ec.europa.eu\/digital-agenda\/\" target=\"_blank\" title=\"Agenda num\u00e9rique europ\u00e9en: nouvelle fen\u00eatre\">Agenda num&eacute;rique europ&eacute;en<\/a>&nbsp;et de la&nbsp;<a data-mce-=\"\" href=\"http:\/\/europa.eu\/rapid\/press-release_IP-13-182_fr.htm?locale=FR\" target=\"_blank\" title=\"grande coalition en faveur des comp\u00e9tences et des emplois du num\u00e9rique: nouvelle fen\u00eatre\">grande coalition en faveur des comp&eacute;tences et des emplois du num&eacute;rique<\/a>&nbsp;sans oublier les autres initiatives de la Commission telles que la&nbsp;<a data-mce-=\"\" href=\"http:\/\/europa.eu\/rapid\/press-release_IP-12-1233_fr.htm\" target=\"_blank\" title=\"Strat\u00e9gie \u00ab Repenser l'\u00e9ducation \u00bb: nouvelle fen\u00eatre\">Strat&eacute;gie pour &laquo; Repenser l&#39;&eacute;ducation &raquo;<\/a>&nbsp;et l&#39;initiative d&#39;ouverture au monde ext&eacute;rieur des syst&egrave;mes d&#39;&eacute;ducation et de formation&nbsp;<a data-mce-=\"\" href=\"http:\/\/europa.eu\/rapid\/press-release_SPEECH-12-933_en.htm\" target=\"_blank\" title=\"\u00ab Opening Up Education \u00bb: nouvelle fen\u00eatre\">&laquo; Opening Up Education &raquo;<\/a>.<\/p>\n<p>\t\t<a data-mce-=\"\" href=\"http:\/\/www.villes-internet.net\/tous-les-articles\/lire\/tice-une-comparaison-europeenne-qui-fait-mal\/?tx_ttnews[backPid]=180&amp;cHash=ca21cc3ef1882b02449adedfc9945b31\">http:\/\/www.villes-internet.net\/tous-les-articles\/lire\/tice-une-comparaison-europeenne-qui-fait-mal\/?tx_ttnews[backPid]=180&amp;cHash=ca21cc3ef1882b02449adedfc9945b31<\/a>&nbsp;<\/p>\n<hr \/>\n<p><img decoding=\"async\" alt=\"\" data-mce-=\"\" src=\"http:\/\/eduscol.education.fr\/numerique\/actualites\/veille-education-numerique\/juin-2013\/++resource++educnet.skincommon.fcksmileys\/fl-red.gif\" \/>Consulter l&#39;&eacute;tude :&nbsp;<a data-mce-=\"\" href=\"http:\/\/ec.europa.eu\/information_society\/newsroom\/cf\/dae\/document.cfm?doc_id=1800\" target=\"_blank\" title=\"Survey of schools ICT in Education: nouvelle fen\u00eatre\">Survey of schools ICT in Education<\/a><\/p>\n<p><img decoding=\"async\" alt=\"\" data-mce-=\"\" src=\"http:\/\/eduscol.education.fr\/numerique\/actualites\/veille-education-numerique\/juin-2013\/++resource++educnet.skincommon.fcksmileys\/fl-red.gif\" \/>Communiqu&eacute; de presse (Europa) :&nbsp;<a data-mce-=\"\" href=\"http:\/\/europa.eu\/rapid\/press-release_IP-13-341_fr.htm#PR_metaPressRelease_bottom\" target=\"_blank\" title=\"Enqu\u00eate sur les TIC \u00e0 l'\u00e9cole: les \u00e9l\u00e8ves n'ont pas assez de mat\u00e9riel et les enseignants doivent \u00eatre mieux form\u00e9s et davantage soutenus: nouvelle fen\u00eatre\">Enqu&ecirc;te sur les TIC &agrave; l&#39;&eacute;cole: les &eacute;l&egrave;ves n&#39;ont pas assez de mat&eacute;riel et les enseignants doivent &ecirc;tre mieux form&eacute;s et davantage soutenus<\/a><\/p>\n<p><img decoding=\"async\" alt=\"\" data-mce-=\"\" src=\"http:\/\/eduscol.education.fr\/numerique\/actualites\/veille-education-numerique\/juin-2013\/++resource++educnet.skincommon.fcksmileys\/fl-red.gif\" \/>Elearningeuropa.info :&nbsp;<a data-mce-=\"\" href=\"http:\/\/www.elearningeuropa.info\/fr\/node\/124171\" target=\"_blank\" title=\"European Commission survey on the use of digital technologies in schools: nouvelle fen\u00eatre\">European Commission survey on the use of digital technologies in schools<\/a><\/p>\n<\/div>\n","protected":false},"excerpt":{"rendered":"<p>La Commission europ&eacute;enne a mis en ligne un rapport intitul&eacute; &laquo; Enqu&ecirc;te sur les &eacute;coles : les TIC dans l&#39;&eacute;ducation &raquo; relatif &agrave; l&#39;usage des technologies num&eacute;riques dans les &eacute;coles. Les &eacute;l&egrave;ves comme les professeurs sont en g&eacute;n&eacute;ral favorables au &hellip;<\/p>\n<p class=\"read-more\"> <a class=\"more-link\" href=\"https:\/\/libreduc.cc\/blog\/astuce\/2013\/07\/10\/etude-europeenne-sur-les-tic-a-lecole\/\"> <span class=\"screen-reader-text\">\u00c9tude europ\u00e9enne sur les TIC \u00e0 l&#039;\u00e9cole<\/span> Read More &raquo;<\/a><\/p>\n","protected":false},"author":1,"featured_media":0,"comment_status":"open","ping_status":"open","sticky":false,"template":"","format":"standard","meta":{"inline_featured_image":false,"footnotes":""},"categories":[2],"tags":[],"class_list":["post-1450","post","type-post","status-publish","format-standard","hentry","category-numerique"],"_links":{"self":[{"href":"https:\/\/libreduc.cc\/blog\/astuce\/wp-json\/wp\/v2\/posts\/1450","targetHints":{"allow":["GET"]}}],"collection":[{"href":"https:\/\/libreduc.cc\/blog\/astuce\/wp-json\/wp\/v2\/posts"}],"about":[{"href":"https:\/\/libreduc.cc\/blog\/astuce\/wp-json\/wp\/v2\/types\/post"}],"author":[{"embeddable":true,"href":"https:\/\/libreduc.cc\/blog\/astuce\/wp-json\/wp\/v2\/users\/1"}],"replies":[{"embeddable":true,"href":"https:\/\/libreduc.cc\/blog\/astuce\/wp-json\/wp\/v2\/comments?post=1450"}],"version-history":[{"count":0,"href":"https:\/\/libreduc.cc\/blog\/astuce\/wp-json\/wp\/v2\/posts\/1450\/revisions"}],"wp:attachment":[{"href":"https:\/\/libreduc.cc\/blog\/astuce\/wp-json\/wp\/v2\/media?parent=1450"}],"wp:term":[{"taxonomy":"category","embeddable":true,"href":"https:\/\/libreduc.cc\/blog\/astuce\/wp-json\/wp\/v2\/categories?post=1450"},{"taxonomy":"post_tag","embeddable":true,"href":"https:\/\/libreduc.cc\/blog\/astuce\/wp-json\/wp\/v2\/tags?post=1450"}],"curies":[{"name":"wp","href":"https:\/\/api.w.org\/{rel}","templated":true}]}}