{"id":1581,"date":"2013-11-08T19:38:16","date_gmt":"2013-11-08T19:38:16","guid":{"rendered":"https:\/\/libreduc.cc\/blog\/astuce\/?p=1581"},"modified":"2013-11-08T19:38:16","modified_gmt":"2013-11-08T19:38:16","slug":"lecole-selon-microsoft-comment-jai-appris-a-ne-plus-men-faire-et-a-aimer-leducation-privatrice-et-fermee","status":"publish","type":"post","link":"https:\/\/libreduc.cc\/blog\/astuce\/2013\/11\/08\/lecole-selon-microsoft-comment-jai-appris-a-ne-plus-men-faire-et-a-aimer-leducation-privatrice-et-fermee\/","title":{"rendered":"L&#039;\u00e9cole selon Microsoft : comment j&#039;ai appris \u00e0 ne plus m&#039;en faire et \u00e0 aimer l&#039;\u00e9ducation privatrice et ferm\u00e9e"},"content":{"rendered":"<p><em>Paris, le 7 novembre 2013. Communiqu&eacute; de presse.<\/em><\/p>\n<p><strong>Deux ans apr&egrave;s la convocation d&#39;une centaine d&#39;inspecteurs de l&#39;&Eacute;ducation nationale au si&egrave;ge de Microsoft France, l&#39;April, Framasoft, le CNLL, SavoirsCom1 et l&#39;Aful s&#39;&eacute;tonnent d&#39;une nouvelle entorse &agrave; la neutralit&eacute; scolaire et &agrave; l&#39;int&eacute;r&ecirc;t du service public d&#39;&eacute;ducation.<\/strong><\/p>\n<p>Le 19 novembre 2013, plusieurs responsables de l&#39;&Eacute;ducation nationale se d&eacute;placent au si&egrave;ge de la soci&eacute;t&eacute; Microsoft<a class=\"see-footnote\" href=\"http:\/\/www.april.org\/lecole-selon-microsoft-comment-jai-appris-ne-plus-men-faire-et-aimer-leducation-privatrice-et-fermee#footnote1_jsmx67y\" id=\"footnoteref1_jsmx67y\" title=\" Le Num\u00e9rique \u00e0 l'\u00c9cole : un enjeu partag\u00e9\">1<\/a>. Michel P&eacute;rez, Inspecteur g&eacute;n&eacute;ral de l&#39;&Eacute;ducation nationale, Catherine Becchetti-Bizot, Inspectrice g&eacute;n&eacute;rale, Directrice du Comit&eacute; Strat&eacute;gique pour le Num&eacute;rique &agrave; l&lsquo;&Eacute;cole ainsi que des repr&eacute;sentations des associations de collectivit&eacute;s viennent d&eacute;couvrir une &eacute;tude coordonn&eacute;e par Ludovia Magazine, en association avec Microsoft, Intel et SFR<a class=\"see-footnote\" href=\"http:\/\/www.april.org\/lecole-selon-microsoft-comment-jai-appris-ne-plus-men-faire-et-aimer-leducation-privatrice-et-fermee#footnote2_h4r9srk\" id=\"footnoteref2_h4r9srk\" title=\"Lancement de la deuxi\u00e8me \u00e9dition de l\u2019\u00e9tude sur le num\u00e9rique \u00e9ducatif dans les collectivit\u00e9s territoriales\">2<\/a>.<\/p>\n<p>Le titre de l&#39;&eacute;tude se veut neutre : &laquo; Investissement des collectivit&eacute;s en mati&egrave;re de num&eacute;rique &agrave; l&#39;&eacute;cole &raquo;. Le dispositif de communication ne l&#39;est pas. Par leur pr&eacute;sence &agrave; la table ronde organis&eacute;e par Microsoft, les Inspecteurs g&eacute;n&eacute;raux l&eacute;gitiment l&#39;appropriation de l&#39;&Eacute;ducation nationale par une soci&eacute;t&eacute; priv&eacute;e. Les signataires de ce communiqu&eacute; d&eacute;noncent fermement cette nouvelle entorse &agrave; la neutralit&eacute; scolaire et &agrave; la mission de service public de l&#39;&eacute;ducation nationale.<\/p>\n<p>Les collectivit&eacute;s territoriales souhaitent-elles vraiment favoriser l&#39;exploitation commerciale de l&#39;&eacute;cole par quelques grandes soci&eacute;t&eacute;s pour lesquelles l&#39;&eacute;ducation est exclusivement un march&eacute; captif ?<\/p>\n<p>Ce n&#39;est pas la premi&egrave;re fois que des responsables de l&#39;&Eacute;ducation nationale se d&eacute;placent au si&egrave;ge de la soci&eacute;t&eacute; Microsoft. Lors du salon &Eacute;ducatec-&Eacute;ducatice 2011, les inspecteurs de l&#39;&Eacute;ducation nationale charg&eacute;s de mission nouvelles technologies (IEN-TICE) s&#39;&eacute;taient vu convoqu&eacute;s par leur hi&eacute;rarchie pour tenir leur journ&eacute;e annuelle au si&egrave;ge de la soci&eacute;t&eacute; Microsoft. L&#39;April et Framasoft avaient d&eacute;j&agrave; d&eacute;nonc&eacute; &laquo;une v&eacute;ritable entorse &agrave; la neutralit&eacute; scolaire et vivement regrett&eacute; que les programmes de ces journ&eacute;es ne mentionnaient pas les logiciels et ressources libres<a class=\"see-footnote\" href=\"http:\/\/www.april.org\/lecole-selon-microsoft-comment-jai-appris-ne-plus-men-faire-et-aimer-leducation-privatrice-et-fermee#footnote3_39b68tp\" id=\"footnoteref3_39b68tp\" title=\"Les inspecteurs de l'\u00e9ducation nationale convoqu\u00e9s chez Microsoft\">3<\/a>. Malgr&eacute; la circulaire du premier ministre &laquo; Pour l&#39;usage des logiciels libres dans l&#39;administration &raquo;<a class=\"see-footnote\" href=\"http:\/\/www.april.org\/lecole-selon-microsoft-comment-jai-appris-ne-plus-men-faire-et-aimer-leducation-privatrice-et-fermee#footnote4_fhkfmpo\" id=\"footnoteref4_fhkfmpo\" title=\"Circulaire Ayrault sur le bon usage des logiciels libres dans l'administration fran\u00e7aise\">4<\/a>.<\/p>\n<p>Ce n&#39;est pas non plus qu&#39;un accident de parcours. Les services de l&#39;&Eacute;ducation nationale envoient depuis plusieurs mois des signaux inqui&eacute;tants. Le rapport de l&#39;Inspection g&eacute;n&eacute;rale sur &laquo; La structuration de la fili&egrave;re du num&eacute;rique &eacute;ducatif : un enjeu p&eacute;dagogique et industriel &raquo;<a class=\"see-footnote\" href=\"http:\/\/www.april.org\/lecole-selon-microsoft-comment-jai-appris-ne-plus-men-faire-et-aimer-leducation-privatrice-et-fermee#footnote5_ljx970k\" id=\"footnoteref5_ljx970k\" title=\"Michel P\u00e9rez est le coordonnateur du rapport \u00ab La structuration de la fili\u00e8re du num\u00e9rique \u00e9ducatif : un enjeu p\u00e9dagogique et industriel \u00bb, 24\/09\/2013\">5<\/a> est tr&egrave;s peu document&eacute; sur les logiciels et ressources libres ou, au mieux minimise leur apport. Et le rapport n&#39;aborde que tr&egrave;s succinctement l&#39;une des dispositions importantes du texte de loi pour la refondation de l&#39;&eacute;cole qui recommande : &laquo; l&#39;incitation au d&eacute;veloppement de ressources num&eacute;riques se fera notamment en faveur de logiciels libres et de contenus aux formats ouverts &raquo;<a class=\"see-footnote\" href=\"http:\/\/www.april.org\/lecole-selon-microsoft-comment-jai-appris-ne-plus-men-faire-et-aimer-leducation-privatrice-et-fermee#footnote6_kihty44\" id=\"footnoteref6_kihty44\" title=\"Loi n\u00b0 2013-595 du 8 juillet 2013 d'orientation et de programmation   pour la refondation de l'\u00e9cole de la R\u00e9publique publi\u00e9e au Journal   Officiel le mardi 9 juillet 2013  : \u00ab L'incitation au d\u00e9veloppement de ressources num\u00e9riques se fera   notamment en faveur de logiciels libres et de contenus aux formats   ouverts \u00bb.\">6<\/a>. Les signataires de ce communiqu&eacute; auraient pu, avec d&#39;autres, aider les r&eacute;dacteurs dans leur travail afin d&#39;arriver &agrave; un rapport plus exhaustif.<\/p>\n<p><em>&laquo;&nbsp;L&#39;&eacute;cole ne doit pas &ecirc;tre un march&eacute; captif des &eacute;diteurs privateurs du num&eacute;rique. L&#39;&eacute;cole que nous appelons de nos v&oelig;ux, ne doit pas enseigner &laquo; avec &raquo; le num&eacute;rique sur des produits privateurs dans une approche de type B2i qui forme avant tout des consommateurs passifs&nbsp;&raquo;<\/em> d&eacute;clare R&eacute;mi Boulle, vice-pr&eacute;sident de l&#39;April, en charge du groupe de travail &Eacute;ducation. Dans la continuit&eacute; des principes h&eacute;rit&eacute;s du si&egrave;cle des Lumi&egrave;res, elle doit former des futurs citoyens responsables, capables de r&eacute;fl&eacute;chir de fa&ccedil;on libre, ind&eacute;pendante voire les cr&eacute;ateurs de demain.<\/p>\n<p>Stefane Fermigier, Vice-Pr&eacute;sident du CNLL, rappelle pour sa part <em>&laquo;&nbsp;La place du <a class=\"alinks-link\" href=\"http:\/\/www.april.org\/node\/10307\" title=\"Logiciel libre\">logiciel libre<\/a> dans le syst&egrave;me &eacute;ducatif fran&ccedil;ais est un enjeu majeur pour la comp&eacute;titivit&eacute; de notre &eacute;conomie. Pour continuer d&#39;&ecirc;tre &agrave; sa place de leader mondial du logiciel libre, la France doit aussi se doter d&#39;une politique &eacute;ducative forte dans ce domaine, en privil&eacute;giant l&#39;usage d&#39;outils p&eacute;dagogiques libres, en fondant l&#39;apprentissage du num&eacute;rique &agrave; l&#39;&Eacute;cole sur les logiciels libres, et en enseignant les technologies et m&eacute;thodologies propres au logiciel libre dans les fili&egrave;res informatiques et scientifiques&nbsp;&raquo;<\/em>.<\/p>\n<p>Enseigner &laquo; avec &raquo; le &laquo; num&eacute;rique &raquo; dans toutes les disciplines n&eacute;cessiterait a minima :<\/p>\n<ul>\n<li>un v&eacute;ritable enseignement de la science informatique ;<\/li>\n<li>d&#39;authentiques cours de technologie qui ne seraient plus limit&eacute;s, en coll&egrave;ge, &agrave; la seule &eacute;tude d&#39;objets physiques dans lesquels l&#39;informatique qu&#39;ils pourraient incorporer est ignor&eacute;e et trait&eacute;e comme une bo&icirc;te noire ;<\/li>\n<li>un authentique apprentissage raisonn&eacute; des logiciels et de l&#39;internet qui n&#39;est actuellement enseign&eacute; nulle part ;<\/li>\n<li>un enseignement des technologies et m&eacute;thodologies propres au logiciel libre dans les fili&egrave;res scientifiques et informatiques ;<\/li>\n<li>l&#39;utilisation de logiciels libres et la diffusion sous licence libre des ressources utilis&eacute;es dans le service public de l&#39;&eacute;ducation ;<\/li>\n<li>une r&eacute;flexion op&eacute;rationnelle (approfondie) sur les contenus de cet enseignement, d&egrave;s l&#39;&eacute;cole primaire.<\/li>\n<\/ul>\n<p>C&#39;est &eacute;galement enseigner l&#39;apprentissage du travail collaboratif, incompatible avec des ressources privatrices DRMis&eacute;es, des formats de fichiers non interop&eacute;rables, des licences qui ne permettent pas la libre circulation et le libre partage des savoirs. L&#39;&Eacute;cole ne doit plus &ecirc;tre contrainte dans des syst&egrave;mes privateurs et ferm&eacute;s.<\/p>\n<p>Nous nous tenons &agrave; la disposition de l&#39;Inspection g&eacute;n&eacute;rale et de Mme Catherine Becchetti-Bizot pour toute information compl&eacute;mentaire sur les logiciels et ressources libres pour l&#39;&eacute;ducation et leur souhaitons un riche salon &Eacute;ducatec-&Eacute;ducatice.<\/p>\n<p>&nbsp;<\/p>\n<p><!--more--><\/p>\n<h2>&Agrave; propos de l&#39;April<\/h2>\n<p>Pionni&egrave;re du logiciel libre en France, l&#39;April est depuis 1996 un acteur majeur de la d&eacute;mocratisation et de la diffusion du Logiciel Libre et des standards ouverts aupr&egrave;s du grand public, des professionnels et des institutions dans l&#39;espace francophone. Elle veille aussi, dans leurre num&eacute;rique, &agrave; sensibiliser l&#39;opinion sur les dangers d&#39;une appropriation exclusive de l&#39;information et du savoir par des int&eacute;r&ecirc;ts priv&eacute;s.<\/p>\n<p>L&#39;association est constitu&eacute;e de plus de 3&nbsp;600 membres utilisateurs et producteurs de logiciels libres.<\/p>\n<p>Pour plus d&#39;informations, vous pouvez vous rendre sur le site Web &agrave; l&#39;adresse suivante&nbsp;: <a href=\"http:\/\/www.april.org\/\">http:\/\/www.april.org\/<\/a>, nous contacter par t&eacute;l&eacute;phone au +33&nbsp;1&nbsp;78&nbsp;76&nbsp;92&nbsp;80 ou par notre <a href=\"http:\/\/www.april.org\/fr\/association\/contacter.html\">formulaire de contact<\/a>.<\/p>\n<p>Contacts presse&nbsp;:<\/p>\n<p>R&eacute;mi Boulle, vice-pr&eacute;sident de l&#39;April, en charge du groupe de travail &Eacute;ducation, <a href=\"mailto:rboulle@april.org\">rboulle@april.org<\/a>, 06 05 03 32 30<br \/>\n\tFr&eacute;d&eacute;ric Couchet, d&eacute;l&eacute;gu&eacute; g&eacute;n&eacute;ral, <a href=\"mailto:fcouchet@april.org\">fcouchet@april.org<\/a> +33 6 60 68 89 31<br \/>\n\tJeanne Tadeusz, responsable affaires publiques, <a href=\"mailto:jtadeusz@april.org\">jtadeusz@april.org<\/a> +33 1 78 76 92 82<\/p>\n<h2>&Agrave; propos de Framasoft<\/h2>\n<p>Issu du monde &eacute;ducatif, <a href=\"http:\/\/www.framasoft.org\">Framasoft<\/a> est un r&eacute;seau d&rsquo;&eacute;ducation populaire consacr&eacute; principalement au logiciel libre et s&rsquo;organise en trois axes sur un mode collaboratif : promotion, diffusion et d&eacute;veloppement de logiciels libres, enrichissement de la culture libre et offre de services libres en ligne.<\/p>\n<p>Pour plus d&rsquo;informations, vous pouvez vous rendre sur le site Web &agrave; l&rsquo;adresse suivante : <a href=\"http:\/\/www.framasoft.org\/\">http:\/\/www.framasoft.org\/<\/a> et nous contacter par notre <a href=\"http:\/\/contact.framasoft.org\/\">formulaire de contact<\/a>.<\/p>\n<p>Contact presse :<\/p>\n<p>Alexis Kauffmann, fondateur et charg&eacute; de mission, <a href=\"mailto:aka@framasoft.org\">aka@framasoft.org<\/a> +33 6 95 01 04 55<\/p>\n<h2>&Agrave; propos du CNLL<\/h2>\n<p><a href=\"http:\/\/www.cnll.fr\/\">Le Conseil National du Logiciel Libre<\/a> est l&#39;instance repr&eacute;sentative, au niveau national, des associations et groupements d&#39;entreprises du logiciel libre en France. Le CNLL repr&eacute;sente 13 associations et groupements, et par leur interm&eacute;diaire plus de 300 entreprises fran&ccedil;aises sp&eacute;cialis&eacute;es ou avec une activit&eacute; significative dans le logiciel libre.<\/p>\n<p>Le CNLL a pour principale mission de repr&eacute;senter l&#39;&eacute;cosyst&egrave;me du logiciel libre aupr&egrave;s des pouvoirs publics et des organisations nationales et internationales existantes.<\/p>\n<p>Contact Presse : Am&eacute;lie Vaysse, charg&eacute;e de communication, relations presse. 01 41 40 11 42 &ndash; info@cnll.fr<\/p>\n<h2>&Agrave; propos de SavoirsCom1<\/h2>\n<p><a href=\"http:\/\/www.savoirscom1.info\/\">SavoirsCom1<\/a> est un collectif qui s&quot;int&eacute;resse aux politiques des biens communs de la connaissance. Son action vise &agrave; faire en sorte que les politiques publiques favorisent la cr&eacute;ation, la diffusion et la mise en partage de biens communs informationnels. SavoirsCom1 d&eacute;fend les<a href=\"http:\/\/www.savoirscom1.info\/2012\/08\/29\/le-manifeste-de-savoirscom1\/\" title=\"Le Manifeste de SavoirsCom1\">positions exprim&eacute;es dans son Manifeste<\/a>.<\/p>\n<p>Contact : <a href=\"mailto:savoirscom1@gmail.com\">savoirscom1@gmail.com<\/a> ou Lionel Maurel, co-fondateur du collectif SavoirsCom1 <a href=\"mailto:calimaq@gmail.com\">calimaq@gmail.com<\/a><\/p>\n<h2>&Agrave; propos de l&#39;Aful<\/h2>\n<p><a href=\"http:\/\/aful.org\">Association Francophone des Utilisateurs de Logiciels Libres<\/a>, l&#39;AFUL a pour principal objectif de promouvoir les logiciels libres ainsi que l&#39;utilisation des standards ouverts. Ses membres, utilisateurs, professionnels du logiciel libre, entreprises ainsi que d&#39;autres associations, sont issus d&#39;une dizaine de pays ou de r&eacute;gions francophones (France, Belgique, Suisse, Afrique francophone, Qu&eacute;bec).<\/p>\n<p>Interlocuteur de nombreux m&eacute;dias, l&#39;AFUL est pr&eacute;sente sur nombre de salons, conf&eacute;rences et rencontres. Elle agit notamment activement contre la <a class=\"alinks-link\" href=\"http:\/\/www.april.org\/groupes\/vente-liee\" title=\"Vente li\u00e9e\">vente li&eacute;e<\/a> (site Non aux Racketiciels, comparatif bons-vendeurs-ordinateurs.info et bons-constructeurs-ordinateurs.info), pour l&#39;interop&eacute;rabilit&eacute; (membre de l&#39;AFNOR, participation aux r&eacute;f&eacute;rentiels d&#39;interop&eacute;rabilit&eacute; et d&#39;accessibilit&eacute; de la DGME, site formats-ouverts.org, etc.), intervient sur les probl&eacute;matiques du droit d&#39;auteur ainsi que pour la promotion de l&#39;utilisation de logiciels et ressources p&eacute;dagogiques libres pour l&#39;&eacute;ducation entendue au sens large.<\/p>\n<p>Contacts presse :<\/p>\n<ul>\n<li>Jean-Yves Jeannas, vice-pr&eacute;sident &Eacute;ducation de l&#39;AFUL, <a href=\"mailto:jean-yves.jeannas@aful.org\">jean-yves.jeannas@aful.org<\/a><\/li>\n<li>Laurent S&eacute;guin, pr&eacute;sident de l&#39;AFUL, <a href=\"mailto:laurent.seguin@aful.org\">laurent.seguin@aful.org<\/a> +33 (0)6 63 94 87 16<\/li>\n<li>Relations presse &#8211; AFUL : <a href=\"http:\/\/www.april.org\/presse@aful.org\">presse@aful.org<\/a><\/li>\n<\/ul>\n<ul class=\"footnotes\">\n<li class=\"footnote\" id=\"footnote1_jsmx67y\"><a class=\"footnote-label\" href=\"http:\/\/www.april.org\/lecole-selon-microsoft-comment-jai-appris-ne-plus-men-faire-et-aimer-leducation-privatrice-et-fermee#footnoteref1_jsmx67y\">1.<\/a> <a href=\"https:\/\/msevents.microsoft.com\/CUI\/EventDetail.aspx?EventID=1032566973&amp;Culture=fr-FR\"> Le Num&eacute;rique &agrave; l&#39;&Eacute;cole : un enjeu partag&eacute;<\/a><\/li>\n<li class=\"footnote\" id=\"footnote2_h4r9srk\"><a class=\"footnote-label\" href=\"http:\/\/www.april.org\/lecole-selon-microsoft-comment-jai-appris-ne-plus-men-faire-et-aimer-leducation-privatrice-et-fermee#footnoteref2_h4r9srk\">2.<\/a> <a href=\"http:\/\/www.ludovia.com\/2013\/10\/lancement-deuxieme-edition-letude-numerique-educatif-les-collectivites-territoriales\/\">Lancement de la deuxi&egrave;me &eacute;dition de l&rsquo;&eacute;tude sur le num&eacute;rique &eacute;ducatif dans les collectivit&eacute;s territoriales<\/a><\/li>\n<li class=\"footnote\" id=\"footnote3_39b68tp\"><a class=\"footnote-label\" href=\"http:\/\/www.april.org\/lecole-selon-microsoft-comment-jai-appris-ne-plus-men-faire-et-aimer-leducation-privatrice-et-fermee#footnoteref3_39b68tp\">3.<\/a> <a href=\"http:\/\/www.april.org\/les-inspecteurs-de-l-education-nationale-convoques-chez-microsoft\">Les inspecteurs de l&#39;&eacute;ducation nationale convoqu&eacute;s chez Microsoft<\/a><\/li>\n<li class=\"footnote\" id=\"footnote4_fhkfmpo\"><a class=\"footnote-label\" href=\"http:\/\/www.april.org\/lecole-selon-microsoft-comment-jai-appris-ne-plus-men-faire-et-aimer-leducation-privatrice-et-fermee#footnoteref4_fhkfmpo\">4.<\/a> <a href=\"https:\/\/www.april.org\/circulaire-ayrault-sur-le-bon-usage-des-logiciels-libres-dans-ladministration-francaise\">Circulaire Ayrault sur le bon usage des logiciels libres dans l&#39;administration fran&ccedil;aise<\/a><\/li>\n<li class=\"footnote\" id=\"footnote5_ljx970k\"><a class=\"footnote-label\" href=\"http:\/\/www.april.org\/lecole-selon-microsoft-comment-jai-appris-ne-plus-men-faire-et-aimer-leducation-privatrice-et-fermee#footnoteref5_ljx970k\">5.<\/a> Michel P&eacute;rez est le coordonnateur <a href=\"http:\/\/www.education.gouv.fr\/cid73971\/la-structuration-de-la-filiere-du-numerique-educatif-un-enjeu-pedagogique-et-industriel.html\">du rapport &laquo; La structuration de la fili&egrave;re du num&eacute;rique &eacute;ducatif : un enjeu p&eacute;dagogique et industriel &raquo;, 24\/09\/2013<\/a><\/li>\n<li class=\"footnote\" id=\"footnote6_kihty44\"><a class=\"footnote-label\" href=\"http:\/\/www.april.org\/lecole-selon-microsoft-comment-jai-appris-ne-plus-men-faire-et-aimer-leducation-privatrice-et-fermee#footnoteref6_kihty44\">6.<\/a> <a href=\"http:\/\/www.legifrance.gouv.fr\/affichTexte.do;jsessionid=?cidTexte=JORFTEXT000027677984&amp;dateTexte=&amp;oldAction=rechJO&amp;categorieLien=id\">Loi n&deg; 2013-595 du 8 juillet 2013 d&#39;orientation et de programmation pour la refondation de l&#39;&eacute;cole de la R&eacute;publique<\/a> publi&eacute;e au Journal Officiel le mardi 9 juillet 2013 : &laquo; L&#39;incitation au d&eacute;veloppement de ressources num&eacute;riques se fera notamment en faveur de logiciels libres et de contenus aux formats ouverts &raquo;.<\/li>\n<\/ul>\n","protected":false},"excerpt":{"rendered":"<p>Paris, le 7 novembre 2013. Communiqu&eacute; de presse. Deux ans apr&egrave;s la convocation d&#39;une centaine d&#39;inspecteurs de l&#39;&Eacute;ducation nationale au si&egrave;ge de Microsoft France, l&#39;April, Framasoft, le CNLL, SavoirsCom1 et l&#39;Aful s&#39;&eacute;tonnent d&#39;une nouvelle entorse &agrave; la neutralit&eacute; scolaire et &hellip;<\/p>\n<p class=\"read-more\"> <a class=\"more-link\" href=\"https:\/\/libreduc.cc\/blog\/astuce\/2013\/11\/08\/lecole-selon-microsoft-comment-jai-appris-a-ne-plus-men-faire-et-a-aimer-leducation-privatrice-et-fermee\/\"> <span class=\"screen-reader-text\">L&#039;\u00e9cole selon Microsoft : comment j&#039;ai appris \u00e0 ne plus m&#039;en faire et \u00e0 aimer l&#039;\u00e9ducation privatrice et ferm\u00e9e<\/span> Read More &raquo;<\/a><\/p>\n","protected":false},"author":1,"featured_media":0,"comment_status":"open","ping_status":"open","sticky":false,"template":"","format":"standard","meta":{"inline_featured_image":false,"footnotes":""},"categories":[2],"tags":[],"class_list":["post-1581","post","type-post","status-publish","format-standard","hentry","category-numerique"],"_links":{"self":[{"href":"https:\/\/libreduc.cc\/blog\/astuce\/wp-json\/wp\/v2\/posts\/1581","targetHints":{"allow":["GET"]}}],"collection":[{"href":"https:\/\/libreduc.cc\/blog\/astuce\/wp-json\/wp\/v2\/posts"}],"about":[{"href":"https:\/\/libreduc.cc\/blog\/astuce\/wp-json\/wp\/v2\/types\/post"}],"author":[{"embeddable":true,"href":"https:\/\/libreduc.cc\/blog\/astuce\/wp-json\/wp\/v2\/users\/1"}],"replies":[{"embeddable":true,"href":"https:\/\/libreduc.cc\/blog\/astuce\/wp-json\/wp\/v2\/comments?post=1581"}],"version-history":[{"count":0,"href":"https:\/\/libreduc.cc\/blog\/astuce\/wp-json\/wp\/v2\/posts\/1581\/revisions"}],"wp:attachment":[{"href":"https:\/\/libreduc.cc\/blog\/astuce\/wp-json\/wp\/v2\/media?parent=1581"}],"wp:term":[{"taxonomy":"category","embeddable":true,"href":"https:\/\/libreduc.cc\/blog\/astuce\/wp-json\/wp\/v2\/categories?post=1581"},{"taxonomy":"post_tag","embeddable":true,"href":"https:\/\/libreduc.cc\/blog\/astuce\/wp-json\/wp\/v2\/tags?post=1581"}],"curies":[{"name":"wp","href":"https:\/\/api.w.org\/{rel}","templated":true}]}}