{"id":174,"date":"2009-06-16T10:33:31","date_gmt":"2009-06-16T08:33:31","guid":{"rendered":"https:\/\/libreduc.cc\/blog\/astuce\/?p=174"},"modified":"2009-06-16T10:33:31","modified_gmt":"2009-06-16T08:33:31","slug":"rencontres-mondiales-du-logiciel-libre-nantes-2009-rendez-vous-libres","status":"publish","type":"post","link":"https:\/\/libreduc.cc\/blog\/astuce\/2009\/06\/16\/rencontres-mondiales-du-logiciel-libre-nantes-2009-rendez-vous-libres\/","title":{"rendered":"Rencontres Mondiales du Logiciel Libre &#8211; Nantes 2009 : Rendez-vous Libres !"},"content":{"rendered":"<p style=\"text-align: justify;\">Les Rencontres Mondiales du Logiciel Libre se tiendront \u00e0 Nantes du 7 au 11 Juillet 2009. Lu sur le site de l&rsquo;<a href=\"http:\/\/www.linux-nantes.org\" target=\"_blank\">association Linux Nantes<\/a> :<\/p>\n<blockquote style=\"text-align: justify;\">\n<p style=\"text-align: justify;\">Les <a href=\"http:\/\/2008.rmll.info\/\" target=\"_blank\">RMLL<\/a> sont l\u2019un des \u00e9v\u00e8nements les plus importants de la communaut\u00e9 du Libre. C\u2019est l\u2019occasion pour les administrateurs, d\u00e9veloppeurs, utilisateurs, etc. de se retrouver en d\u00e9but d\u2019\u00e9t\u00e9 lors d\u2019une semaine de conf\u00e9rences, ateliers ainsi que des tables rondes autour du Libre.<\/p>\n<p>Avec le soutien d\u2019<a href=\"http:\/\/www.alliance-libre.org\/\" target=\"_blank\">Alliance Libre<\/a> et de partenaires institutionnels (<a href=\"http:\/\/www.univ-nantes.fr\/\" target=\"_blank\">Universit\u00e9 de Nantes<\/a>, <a href=\"http:\/\/www.paysdelaloire.fr\/\" target=\"_blank\">R\u00e9gion Pays de la Loire<\/a>, <a href=\"http:\/\/www.nantesmetropole.fr\/\" target=\"_blank\">Nantes M\u00e9tropole<\/a>, <a href=\"http:\/\/nantesstnazaire.cci.fr\/\" target=\"_blank\">CCI<\/a>, etc.), Linux-Nantes a pu proposer un dossier de candidature courant juin dernier.<br \/>\nCe dossier a \u00e9t\u00e9 l\u2019occasion de r\u00e9unir de nombreuses associations nantaises mais aussi dans toute la r\u00e9gion et m\u00eame plus : <a href=\"http:\/\/actux.tuxfamily.org\/\" target=\"_blank\">ACTUX<\/a> (Rennes), <a href=\"http:\/\/www.alis44.info\/\" target=\"_blank\">ALIS44<\/a>, <a href=\"http:\/\/www.animageasso.fr\/\" target=\"_blank\">ANIM\u2019AGE<\/a>, <a href=\"http:\/\/www.apo33.org\/\" target=\"_blank\">APO_33<\/a>, CABLE, <a href=\"http:\/\/www.cerio-44.fr\/\" target=\"_blank\">CERIO<\/a>, <a href=\"http:\/\/www.noiser.org\/constellatio\/\" target=\"_blank\">Constellatio<\/a>, <a href=\"http:\/\/www.documentlibre.org\/\" target=\"_blank\">Document Libre<\/a>, <a href=\"http:\/\/ecos.crealab.info\/\" target=\"_blank\">ECOS<\/a>, <a href=\"http:\/\/www.ecossolies.fr\/\" target=\"_blank\">Les \u00c9COSSOLIES<\/a>, <a href=\"http:\/\/la-fabrique.du-libre.org\/\" target=\"_blank\">La Fabrique du Libre<\/a>, <a href=\"http:\/\/gulliver.eu.org\/\" target=\"_blank\">Gulliver<\/a> (Rennes), <a href=\"http:\/\/login.lina.sciences.univ-nantes.fr\/\" target=\"_blank\">Login<\/a>, <a href=\"http:\/\/www.nantes-wireless.org\/\" target=\"_blank\">Nantes Wireless<\/a>, <a href=\"http:\/\/www.nautile.org\/\" target=\"_blank\">N@utile<\/a> (Saint Nazaire), <a href=\"http:\/\/www.pingbase.net\/\" target=\"_blank\">PiNG<\/a>, <a href=\"http:\/\/www.rhizomes.org\/\" target=\"_blank\">Rhizomes<\/a> (Vannes-Auray).<\/p>\n<p style=\"text-align: justify\">Toutes ces associations vont conjuguer leurs efforts dans l\u2019ann\u00e9e \u00e0 venir afin de pr\u00e9parer cet \u00e9v\u00e8nement qui a r\u00e9uni cette ann\u00e9e 4000 personnes sur 5 jours \u00e0 Mont de Marsan pour une \u00e9dition sous le signe de la gastronomie. Elles seront \u00e9paul\u00e9es par les personnes ayant particip\u00e9 \u00e0 l\u2019organisation des <a href=\"https:\/\/rmll.info\/cgi-bin\/mailman\/listinfo\/rml\" target=\"_blank\">RMLL les ann\u00e9es pass\u00e9es<\/a>, qui veulent bien en rebaver un peu \ud83d\ude42<\/p>\n<p>Les premiers d\u00e9tails de la prochaine \u00e9dition :<\/p>\n<ul>\n<li style=\"text-align: justify;\">dates : du mardi 7 au samedi 11 Juillet 2009<\/li>\n<li>lieu : sur le campus du petit port \u00e0 la Facult\u00e9 de Droit pour la grande majorit\u00e9, mais aussi au Pole \u00e9tudiant pour les Nocturnes&#8230; plus de d\u00e9tails plus tard<\/li>\n<li>th\u00e8mes : les th\u00e8mes habituels des RMLL avec une ouverture sur par exemple les Nouveaux Mod\u00e8les \u00c9conomiques du Libre, l\u2019\u00c9conomie Sociale et Solidaire voire le D\u00e9veloppement Durable, et un fort accent sur les th\u00e8mes Culture et Art Libre ainsi que Mat\u00e9riel et Embarqu\u00e9 Libre .<\/li>\n<\/ul>\n<p>Pour pr\u00e9parer tout cela, une mailing liste et un wiki seront disponibles sous peu (le temps de passer de nos outils de pr\u00e9paration \u00e0 ceux officiels des RMLL).<\/p>\n<p style=\"text-align: justify;\"><strong>P.-S.<\/strong><\/p>\n<p style=\"text-align: justify;\"><strong><\/strong>Les r\u00e9unions d\u2019organisation auront lieu le 3\u00e8me samedi de chaque mois de 14h \u00e0 18h sauf informations contraires. La premi\u00e8re se tiendra le 19 Juillet 2008. Cette r\u00e9union aura lieu \u00e0 la <a href=\"http:\/\/www.maison-hommes-techniques.fr\/\" target=\"_blank\">Maison des Hommes et des Techniques<\/a>.<\/p>\n<\/blockquote>\n<p style=\"text-align: justify;\"><a href=\"http:\/\/www.linux-nantes.org\/Rencontres-Mondiales-du-Logiciel.html\" target=\"_blank\"><em>Article sur le site de l&rsquo;association.<\/em><\/a><\/p>\n","protected":false},"excerpt":{"rendered":"<p>Les Rencontres Mondiales du Logiciel Libre se tiendront \u00e0 Nantes du 7 au 11 Juillet 2009. Lu sur le site de l&rsquo;association Linux Nantes : Les RMLL sont l\u2019un des \u00e9v\u00e8nements les plus importants de la communaut\u00e9 du Libre. C\u2019est &hellip;<\/p>\n<p class=\"read-more\"> <a class=\"more-link\" href=\"https:\/\/libreduc.cc\/blog\/astuce\/2009\/06\/16\/rencontres-mondiales-du-logiciel-libre-nantes-2009-rendez-vous-libres\/\"> <span class=\"screen-reader-text\">Rencontres Mondiales du Logiciel Libre &#8211; Nantes 2009 : Rendez-vous Libres !<\/span> Read More &raquo;<\/a><\/p>\n","protected":false},"author":1,"featured_media":0,"comment_status":"open","ping_status":"open","sticky":false,"template":"","format":"standard","meta":{"inline_featured_image":false,"footnotes":""},"categories":[4,2],"tags":[],"class_list":["post-174","post","type-post","status-publish","format-standard","hentry","category-geek","category-numerique"],"_links":{"self":[{"href":"https:\/\/libreduc.cc\/blog\/astuce\/wp-json\/wp\/v2\/posts\/174","targetHints":{"allow":["GET"]}}],"collection":[{"href":"https:\/\/libreduc.cc\/blog\/astuce\/wp-json\/wp\/v2\/posts"}],"about":[{"href":"https:\/\/libreduc.cc\/blog\/astuce\/wp-json\/wp\/v2\/types\/post"}],"author":[{"embeddable":true,"href":"https:\/\/libreduc.cc\/blog\/astuce\/wp-json\/wp\/v2\/users\/1"}],"replies":[{"embeddable":true,"href":"https:\/\/libreduc.cc\/blog\/astuce\/wp-json\/wp\/v2\/comments?post=174"}],"version-history":[{"count":0,"href":"https:\/\/libreduc.cc\/blog\/astuce\/wp-json\/wp\/v2\/posts\/174\/revisions"}],"wp:attachment":[{"href":"https:\/\/libreduc.cc\/blog\/astuce\/wp-json\/wp\/v2\/media?parent=174"}],"wp:term":[{"taxonomy":"category","embeddable":true,"href":"https:\/\/libreduc.cc\/blog\/astuce\/wp-json\/wp\/v2\/categories?post=174"},{"taxonomy":"post_tag","embeddable":true,"href":"https:\/\/libreduc.cc\/blog\/astuce\/wp-json\/wp\/v2\/tags?post=174"}],"curies":[{"name":"wp","href":"https:\/\/api.w.org\/{rel}","templated":true}]}}