{"id":241,"date":"2009-10-13T20:12:36","date_gmt":"2009-10-13T18:12:36","guid":{"rendered":"https:\/\/libreduc.cc\/blog\/astuce\/?p=241"},"modified":"2009-10-13T20:12:36","modified_gmt":"2009-10-13T18:12:36","slug":"base-eleves-ausculte-par-le-conseil-detat","status":"publish","type":"post","link":"https:\/\/libreduc.cc\/blog\/astuce\/2009\/10\/13\/base-eleves-ausculte-par-le-conseil-detat\/","title":{"rendered":"Base \u00e9l\u00e8ves auscult\u00e9 par le Conseil d\u2019\u00c9tat"},"content":{"rendered":"<p style=\"text-align: justify;\"><img loading=\"lazy\" decoding=\"async\" class=\"alignleft\" title=\"bba\" src=\"http:\/\/bigbrotherawards.eu.org\/IMG\/jpg\/BBA09-A3.jpg\" alt=\"\" width=\"218\" height=\"308\" \/><a href=\"http:\/\/retraitbaseeleves.wordpress.com\/\" target=\"_blank\">Le fichier \u00ab Base \u00e9l\u00e8ves \u00bb auscult\u00e9 par le Conseil d\u2019\u00c9tat<\/a><\/p>\n<p style=\"text-align: justify;\">Une enqu\u00eate d\u2019instruction s\u2019est tenue au Conseil d\u2019\u00c9tat lundi 12 octobre 2009 au sujet de la \u00ab Base \u00e9l\u00e8ves premier degr\u00e9 \u00bb. \u00c9taient entendus par le Conseil d\u2019\u00c9tat des repr\u00e9sentants du minist\u00e8re, de la CNIL, les requ\u00e9rants contre Base \u00e9l\u00e8ves, Mireille Charpy et Vincent Fristot, ainsi que les intervenants dans ce dossier, le SNUipp-FSU Is\u00e8re, le PAS-UDAS Is\u00e8re et la Ligue des Droits de l\u2019Homme.<\/p>\n<p style=\"text-align: justify;\">Le Conseil d\u2019\u00c9tat souhaitait des \u00e9claircissements sur un certain nombre de points notamment la collecte et l\u2019utilisation de renseignements concernant la sant\u00e9, les transformations successives de \u00ab Base \u00e9l\u00e8ves \u00bb et les interconnexions avec de multiples fichiers.<\/p>\n<p style=\"text-align: justify;\">Les inqui\u00e9tudes des requ\u00e9rants et intervenants quant \u00e0 l\u2019utilit\u00e9 de \u00ab Base \u00e9l\u00e8ves \u00bb et \u00e0 l\u2019utilisation par l\u2019administration de l\u2019\u00c9ducation nationale des donn\u00e9es nominatives collect\u00e9es restent enti\u00e8res apr\u00e8s cette s\u00e9ance.<\/p>\n<p>Le Conseil d\u2019\u00c9tat envisage l\u2019issue de ce dossier pour la fin de l\u2019ann\u00e9e.<\/p>\n<p style=\"text-align: justify;\">Mireille Charpy, Vincent Fristot, SNUipp-FSU 38, PAS-UDAS 3 pour le blog <a href=\"http:\/\/retraitbaseeleves.wordpress.com\/\" target=\"_blank\">\u00ab\u00a0Collectif national de r\u00e9sistance \u00e0 Base \u00e9l\u00e8ves &#8211; Contre le fichage \u00e0 l\u2019\u00e9cole\u00a0\u00bb<\/a><\/p>\n","protected":false},"excerpt":{"rendered":"<p>Le fichier \u00ab Base \u00e9l\u00e8ves \u00bb auscult\u00e9 par le Conseil d\u2019\u00c9tat Une enqu\u00eate d\u2019instruction s\u2019est tenue au Conseil d\u2019\u00c9tat lundi 12 octobre 2009 au sujet de la \u00ab Base \u00e9l\u00e8ves premier degr\u00e9 \u00bb. \u00c9taient entendus par le Conseil d\u2019\u00c9tat des &hellip;<\/p>\n<p class=\"read-more\"> <a class=\"more-link\" href=\"https:\/\/libreduc.cc\/blog\/astuce\/2009\/10\/13\/base-eleves-ausculte-par-le-conseil-detat\/\"> <span class=\"screen-reader-text\">Base \u00e9l\u00e8ves auscult\u00e9 par le Conseil d\u2019\u00c9tat<\/span> Read More &raquo;<\/a><\/p>\n","protected":false},"author":1,"featured_media":0,"comment_status":"open","ping_status":"open","sticky":false,"template":"","format":"standard","meta":{"inline_featured_image":false,"footnotes":""},"categories":[2],"tags":[],"class_list":["post-241","post","type-post","status-publish","format-standard","hentry","category-numerique"],"_links":{"self":[{"href":"https:\/\/libreduc.cc\/blog\/astuce\/wp-json\/wp\/v2\/posts\/241","targetHints":{"allow":["GET"]}}],"collection":[{"href":"https:\/\/libreduc.cc\/blog\/astuce\/wp-json\/wp\/v2\/posts"}],"about":[{"href":"https:\/\/libreduc.cc\/blog\/astuce\/wp-json\/wp\/v2\/types\/post"}],"author":[{"embeddable":true,"href":"https:\/\/libreduc.cc\/blog\/astuce\/wp-json\/wp\/v2\/users\/1"}],"replies":[{"embeddable":true,"href":"https:\/\/libreduc.cc\/blog\/astuce\/wp-json\/wp\/v2\/comments?post=241"}],"version-history":[{"count":0,"href":"https:\/\/libreduc.cc\/blog\/astuce\/wp-json\/wp\/v2\/posts\/241\/revisions"}],"wp:attachment":[{"href":"https:\/\/libreduc.cc\/blog\/astuce\/wp-json\/wp\/v2\/media?parent=241"}],"wp:term":[{"taxonomy":"category","embeddable":true,"href":"https:\/\/libreduc.cc\/blog\/astuce\/wp-json\/wp\/v2\/categories?post=241"},{"taxonomy":"post_tag","embeddable":true,"href":"https:\/\/libreduc.cc\/blog\/astuce\/wp-json\/wp\/v2\/tags?post=241"}],"curies":[{"name":"wp","href":"https:\/\/api.w.org\/{rel}","templated":true}]}}