{"id":2870,"date":"2021-03-09T13:43:17","date_gmt":"2021-03-09T12:43:17","guid":{"rendered":"https:\/\/libreduc.cc\/blog\/astuce\/?p=2870"},"modified":"2021-03-09T13:43:26","modified_gmt":"2021-03-09T12:43:26","slug":"numeriques-dans-le-regard-des-femmes","status":"publish","type":"post","link":"https:\/\/libreduc.cc\/blog\/astuce\/2021\/03\/09\/numeriques-dans-le-regard-des-femmes\/","title":{"rendered":"Num\u00e9riques dans le regard des femmes"},"content":{"rendered":"\n<p>Une fois n&rsquo;est pas coutume, voil\u00e0 un article militant gr\u00e2ce \u00e0 l&rsquo;initiative des Editions ENI (pour qui j&rsquo;ai fait une vid\u00e9o de formation \ud83d\ude00 ) :<\/p>\n<blockquote>\n<p><span class=\"font-size-20\">Le saviez-vous ? Notre monde est compos\u00e9 \u00e0 50% de femmes et 50% d&rsquo;hommes. Et pourtant, on ne retrouve <strong>que 30% de femmes le secteur porteur qu&rsquo;est le num\u00e9rique<\/strong> !<br><br>Place des femmes dans les entreprises, l\u00e9gitimit\u00e9, langage, intelligence artificielle&#8230;<br><br>Autant de th\u00e9matiques passionnantes qui seront abord\u00e9es avec nos invit\u00e9es lors de notre prochain \u00e9v\u00e9nement en ligne \u00ab\u00a0<strong>Num\u00e9riques, dans le regard des femmes<\/strong>\u00a0\u00bb du <strong>8 au 12 mars <\/strong>prochains au cours duquel nous d\u00e9construirons les st\u00e9r\u00e9otypes de genre et agirons en faveur de plus de mixit\u00e9 !&nbsp;<\/span><\/p>\n<\/blockquote>\n<p>Tout le programme : <a href=\"https:\/\/iobk0yna.sibpages.com\/\">https:\/\/iobk0yna.sibpages.com\/<\/a><\/p>\n<p><img decoding=\"async\" class=\"img-fluid shadow-none img-radius-none\" src=\"https:\/\/cdn.convrrt.com\/apps\/sendinblue\/2325450\/8faf73ad-e4da-4f23-b869-bac598aa0e93.png\"><\/p>\n<p>Les replay des tables rondes :<\/p>\n<p><iframe loading=\"lazy\" title=\"Des femmes et des entreprises\" width=\"605\" height=\"340\" src=\"https:\/\/www.youtube.com\/embed\/bkDO45KJS44?feature=oembed\" frameborder=\"0\" allow=\"accelerometer; autoplay; clipboard-write; encrypted-media; gyroscope; picture-in-picture; web-share\" referrerpolicy=\"strict-origin-when-cross-origin\" allowfullscreen><\/iframe><\/p>\n<p>&nbsp;<\/p>\n","protected":false},"excerpt":{"rendered":"<p>Une fois n&rsquo;est pas coutume, voil\u00e0 un article militant gr\u00e2ce \u00e0 l&rsquo;initiative des Editions ENI (pour qui j&rsquo;ai fait une vid\u00e9o de formation \ud83d\ude00 ) : Le saviez-vous ? Notre monde est compos\u00e9 \u00e0 50% de femmes et 50% d&rsquo;hommes. &hellip;<\/p>\n<p class=\"read-more\"> <a class=\"more-link\" href=\"https:\/\/libreduc.cc\/blog\/astuce\/2021\/03\/09\/numeriques-dans-le-regard-des-femmes\/\"> <span class=\"screen-reader-text\">Num\u00e9riques dans le regard des femmes<\/span> Read More &raquo;<\/a><\/p>\n","protected":false},"author":1,"featured_media":0,"comment_status":"open","ping_status":"open","sticky":false,"template":"","format":"standard","meta":{"inline_featured_image":false,"footnotes":""},"categories":[4,2],"tags":[],"class_list":["post-2870","post","type-post","status-publish","format-standard","hentry","category-geek","category-numerique"],"_links":{"self":[{"href":"https:\/\/libreduc.cc\/blog\/astuce\/wp-json\/wp\/v2\/posts\/2870","targetHints":{"allow":["GET"]}}],"collection":[{"href":"https:\/\/libreduc.cc\/blog\/astuce\/wp-json\/wp\/v2\/posts"}],"about":[{"href":"https:\/\/libreduc.cc\/blog\/astuce\/wp-json\/wp\/v2\/types\/post"}],"author":[{"embeddable":true,"href":"https:\/\/libreduc.cc\/blog\/astuce\/wp-json\/wp\/v2\/users\/1"}],"replies":[{"embeddable":true,"href":"https:\/\/libreduc.cc\/blog\/astuce\/wp-json\/wp\/v2\/comments?post=2870"}],"version-history":[{"count":1,"href":"https:\/\/libreduc.cc\/blog\/astuce\/wp-json\/wp\/v2\/posts\/2870\/revisions"}],"predecessor-version":[{"id":2871,"href":"https:\/\/libreduc.cc\/blog\/astuce\/wp-json\/wp\/v2\/posts\/2870\/revisions\/2871"}],"wp:attachment":[{"href":"https:\/\/libreduc.cc\/blog\/astuce\/wp-json\/wp\/v2\/media?parent=2870"}],"wp:term":[{"taxonomy":"category","embeddable":true,"href":"https:\/\/libreduc.cc\/blog\/astuce\/wp-json\/wp\/v2\/categories?post=2870"},{"taxonomy":"post_tag","embeddable":true,"href":"https:\/\/libreduc.cc\/blog\/astuce\/wp-json\/wp\/v2\/tags?post=2870"}],"curies":[{"name":"wp","href":"https:\/\/api.w.org\/{rel}","templated":true}]}}