{"id":2880,"date":"2021-03-23T22:32:49","date_gmt":"2021-03-23T21:32:49","guid":{"rendered":"https:\/\/libreduc.cc\/blog\/astuce\/?p=2880"},"modified":"2021-03-23T22:32:56","modified_gmt":"2021-03-23T21:32:56","slug":"colloque-sur-les-systemes-objets-connectes","status":"publish","type":"post","link":"https:\/\/libreduc.cc\/blog\/astuce\/2021\/03\/23\/colloque-sur-les-systemes-objets-connectes\/","title":{"rendered":"Colloque sur les syst\u00e8mes objets connect\u00e9s"},"content":{"rendered":"\n<p>Le programme du colloque vent d&rsquo;\u00eatre publi\u00e9, j&rsquo;y participerai le mercredi AM. Le reste semble tr\u00e8s int\u00e9ressant, mais h\u00e9las je bosse sur les autres cr\u00e9neaux&#8230;<\/p>\n<p><strong>Programme \u00e0 retrouver ici : <a href=\"https:\/\/coc2021.sciencesconf.org\/program\">https:\/\/coc2021.sciencesconf.org\/program<\/a><\/strong><\/p>\n<div class=\"elem\">\n<p id=\"j_2021-03-29\" class=\"entete\"><span id=\"2021-03-29\" class=\"link\"> lundi 29 mars 2021 <\/span><\/p>\n<\/div>\n<div id=\"tableau_2021-03-29\" class=\"elem\">\n<table id=\"events_2021-03-29\" class=\"tableau\" width=\"100%\" cellspacing=\"0\" cellpadding=\"6\" border=\"0\">\n<thead>\n<tr>\n<td width=\"72\" align=\"left\">Heures<\/td>\n<td align=\"left\">\u00e9v\u00e9nement<\/td>\n<td width=\"30\" align=\"right\"><span class=\"smallentete\"> <a class=\"entetelink\">(+)<\/a> <\/span><\/td>\n<\/tr>\n<\/thead>\n<tbody>\n<tr id=\"evt128871\" class=\"evt evt2\">\n<td class=\"evtTime\" valign=\"middle\" align=\"left\"><span class=\"time-start\">13:30<\/span><span class=\"time-sep\"> &#8211; <\/span><span class=\"time-end\">13:40<\/span><\/td>\n<td valign=\"middle\" align=\"left\"><span class=\"event-title\">Ouverture du colloque<\/span> &#8211; <span class=\"event_description\">fabrice Aub\u00e9part<\/span><\/td>\n<td valign=\"middle\" align=\"right\">&nbsp;<\/td>\n<\/tr>\n<tr id=\"evt130801\" class=\"evt evt2\">\n<td class=\"evtTime\" valign=\"middle\" align=\"left\"><span class=\"time-start\">13:40<\/span><span class=\"time-sep\"> &#8211; <\/span><span class=\"time-end\">14:10<\/span><\/td>\n<td valign=\"middle\" align=\"left\"><span class=\"event-title\">Initiation &#8211; D\u00e9couverte du monde du Cloud : D\u00e9couvrir les principes de base du Cloud Computing<\/span> &#8211; <span class=\"event_description\">Imane Hilal<\/span><\/td>\n<td valign=\"middle\" align=\"right\">&nbsp;<\/td>\n<\/tr>\n<tr id=\"evt130802\" class=\"evt evt2\">\n<td class=\"evtTime\" valign=\"middle\" align=\"left\"><span class=\"time-start\">14:10<\/span><span class=\"time-sep\"> &#8211; <\/span><span class=\"time-end\">14:40<\/span><\/td>\n<td valign=\"middle\" align=\"left\"><span class=\"event-title\">Initiation &#8211; Applications natives du Cloud : Explorer les types d&rsquo;applications dites Cloud-native ainsi que les Serverless\/Function As A Service (FAAS)<\/span> &#8211; <span class=\"event_description\">Imane Hilal<\/span><\/td>\n<td valign=\"middle\" align=\"right\">&nbsp;<\/td>\n<\/tr>\n<tr id=\"evt130803\" class=\"evt evt2\">\n<td class=\"evtTime\" valign=\"middle\" align=\"left\"><span class=\"time-start\">14:40<\/span><span class=\"time-sep\"> &#8211; <\/span><span class=\"time-end\">15:00<\/span><\/td>\n<td valign=\"middle\" align=\"left\"><span class=\"event-title\">Pr\u00e9sentation Projet &#8211; Chatbots in e-learning : advantages and limitations<\/span> &#8211; <span class=\"event_description\">Khadija El Azhari<\/span><\/td>\n<td valign=\"middle\" align=\"right\">&nbsp;<\/td>\n<\/tr>\n<tr id=\"evt130804\" class=\"evt evt2\">\n<td class=\"evtTime\" valign=\"middle\" align=\"left\"><span class=\"time-start\">15:00<\/span><span class=\"time-sep\"> &#8211; <\/span><span class=\"time-end\">15:20<\/span><\/td>\n<td valign=\"middle\" align=\"left\"><span class=\"event-title\">Pr\u00e9sentation Projet &#8211; IoT et Intelligence Artificielle pour lutter contre les incendies<\/span> &#8211; <span class=\"event_description\">Chokri Baccouch<\/span><\/td>\n<td valign=\"middle\" align=\"right\">&nbsp;<\/td>\n<\/tr>\n<tr id=\"evt130805\" class=\"evt evt3\">\n<td class=\"evtTime\" valign=\"middle\" align=\"left\"><span class=\"time-start\">15:20<\/span><span class=\"time-sep\"> &#8211; <\/span><span class=\"time-end\">15:40<\/span><\/td>\n<td valign=\"middle\" align=\"left\"><span class=\"event-title\">Visite Posters et Stands<\/span><\/td>\n<td valign=\"middle\" align=\"right\">&nbsp;<\/td>\n<\/tr>\n<tr id=\"evt130806\" class=\"evt evt2\">\n<td class=\"evtTime\" valign=\"middle\" align=\"left\"><span class=\"time-start\">15:40<\/span><span class=\"time-sep\"> &#8211; <\/span><span class=\"time-end\">16:00<\/span><\/td>\n<td valign=\"middle\" align=\"left\"><span class=\"event-title\">Invit\u00e9 Sp\u00e9cial &#8211; Tolbi : Une startup africaine dans l&rsquo;air du temps : l&rsquo;exp\u00e9rience de Tolbi sur les IoT\/Agritech<\/span> &#8211; <span class=\"event_description\">Mouhamadou Lamine Kebe<\/span><\/td>\n<td valign=\"middle\" align=\"right\">&nbsp;<\/td>\n<\/tr>\n<tr id=\"evt130808\" class=\"evt evt2\">\n<td class=\"evtTime\" valign=\"middle\" align=\"left\"><span class=\"time-start\">16:00<\/span><span class=\"time-sep\"> &#8211; <\/span><span class=\"time-end\">16:30<\/span><\/td>\n<td valign=\"middle\" align=\"left\"><span class=\"event-title\">Initiation &#8211; introduction du STM32 WB55 avec r\u00e9cup des param\u00e8tres envirenmentaux par BLE, affichage des donn\u00e9es sur un site internet<\/span> &#8211; <span class=\"event_description\">Arnaud F\u00e9vrier; Yannick Marietti <\/span><\/td>\n<td valign=\"middle\" align=\"right\">&nbsp;<\/td>\n<\/tr>\n<tr id=\"evt130810\" class=\"evt evt2\">\n<td class=\"evtTime\" valign=\"middle\" align=\"left\"><span class=\"time-start\">16:30<\/span><span class=\"time-sep\"> &#8211; <\/span><span class=\"time-end\">17:00<\/span><\/td>\n<td valign=\"middle\" align=\"left\"><span class=\"event-title\">Initiation &#8211; Gestion des microcontroleurs en micropython \u00e0 distance<\/span> &#8211; <span class=\"event_description\">Arnaud F\u00e9vrier <\/span><\/td>\n<td valign=\"middle\" align=\"right\">&nbsp;<\/td>\n<\/tr>\n<tr id=\"evt130811\" class=\"evt evt2\">\n<td class=\"evtTime\" valign=\"middle\" align=\"left\"><span class=\"time-start\">17:00<\/span><span class=\"time-sep\"> &#8211; <\/span><span class=\"time-end\">17:20<\/span><\/td>\n<td valign=\"middle\" align=\"left\"><span class=\"event-title\">Pr\u00e9sentation Projet &#8211; Conception d&rsquo;une station m\u00e9t\u00e9o intelligente<\/span> &#8211; <span class=\"event_description\">Hamdan Bensenane<\/span><\/td>\n<td valign=\"middle\" align=\"right\">&nbsp;<\/td>\n<\/tr>\n<tr id=\"evt130812\" class=\"evt evt2\">\n<td class=\"evtTime\" valign=\"middle\" align=\"left\"><span class=\"time-start\">17:20<\/span><span class=\"time-sep\"> &#8211; <\/span><span class=\"time-end\">17:40<\/span><\/td>\n<td valign=\"middle\" align=\"left\"><span class=\"event-title\">Pr\u00e9sentation Projet &#8211; Exemple de r\u00e9alisation d\u2019objets connect\u00e9s avec outils open source : \u00c9clairagede v\u00e9los (Arduino, forum)<\/span> &#8211; <span class=\"event_description\">Arnaud Sivert<\/span><\/td>\n<td valign=\"middle\" align=\"right\">&nbsp;<\/td>\n<\/tr>\n<\/tbody>\n<\/table>\n<\/div>\n<div class=\"elem\">\n<p id=\"j_2021-03-30\" class=\"entete\"><span id=\"2021-03-30\" class=\"link\"> mardi 30 mars 2021 <\/span><\/p>\n<\/div>\n<div id=\"tableau_2021-03-30\" class=\"elem\">\n<table id=\"events_2021-03-30\" class=\"tableau\" width=\"100%\" cellspacing=\"0\" cellpadding=\"6\" border=\"0\">\n<thead>\n<tr>\n<td width=\"72\" align=\"left\">Heures<\/td>\n<td align=\"left\">\u00e9v\u00e9nement<\/td>\n<td width=\"30\" align=\"right\"><span class=\"smallentete\"> <a class=\"entetelink\">(+)<\/a> <\/span><\/td>\n<\/tr>\n<\/thead>\n<tbody>\n<tr id=\"evt130813\" class=\"evt evt2\">\n<td class=\"evtTime\" valign=\"middle\" align=\"left\"><span class=\"time-start\">09:00<\/span><span class=\"time-sep\"> &#8211; <\/span><span class=\"time-end\">09:30<\/span><\/td>\n<td valign=\"middle\" align=\"left\"><span class=\"event-title\">Initiation &#8211; Cybercriminalit\u00e9 : pr\u00e9sentation de l&rsquo;identit\u00e9 num\u00e9rique dans l&rsquo;internet <\/span> &#8211; <span class=\"event_description\">Nadia Afifi<\/span><\/td>\n<td valign=\"middle\" align=\"right\">&nbsp;<\/td>\n<\/tr>\n<tr id=\"evt130814\" class=\"evt evt2\">\n<td class=\"evtTime\" valign=\"middle\" align=\"left\"><span class=\"time-start\">09:30<\/span><span class=\"time-sep\"> &#8211; <\/span><span class=\"time-end\">10:00<\/span><\/td>\n<td valign=\"middle\" align=\"left\"><span class=\"event-title\">Initiation &#8211; Attaques Informatiques : se familiariser avec les types d&rsquo;attaques r\u00e9seaux, Web, BD, etc.<\/span> &#8211; <span class=\"event_description\">Nadia Afifi<\/span><\/td>\n<td valign=\"middle\" align=\"right\">&nbsp;<\/td>\n<\/tr>\n<tr id=\"evt130815\" class=\"evt evt2\">\n<td class=\"evtTime\" valign=\"middle\" align=\"left\"><span class=\"time-start\">10:00<\/span><span class=\"time-sep\"> &#8211; <\/span><span class=\"time-end\">10:20<\/span><\/td>\n<td valign=\"middle\" align=\"left\"><span class=\"event-title\">Pr\u00e9sentation Projet &#8211; Towards an Intelligent Cryptosystem Design: Deep Learning Cryptography for Embedded Systems Security and Connected Objects<\/span> &#8211; <span class=\"event_description\">Ismail Negabi<\/span><\/td>\n<td valign=\"middle\" align=\"right\">&nbsp;<\/td>\n<\/tr>\n<tr id=\"evt130816\" class=\"evt evt2\">\n<td class=\"evtTime\" valign=\"middle\" align=\"left\"><span class=\"time-start\">10:20<\/span><span class=\"time-sep\"> &#8211; <\/span><span class=\"time-end\">10:40<\/span><\/td>\n<td valign=\"middle\" align=\"left\"><span class=\"event-title\">Pr\u00e9sentation Projet &#8211; Un aper\u00e7u sur la s\u00e9curit\u00e9 de l&rsquo;internet des objets (IoT)<\/span> &#8211; <span class=\"event_description\">Younes Abbassi<\/span><\/td>\n<td valign=\"middle\" align=\"right\">&nbsp;<\/td>\n<\/tr>\n<tr id=\"evt130817\" class=\"evt evt2\">\n<td class=\"evtTime\" valign=\"middle\" align=\"left\"><span class=\"time-start\">10:40<\/span><span class=\"time-sep\"> &#8211; <\/span><span class=\"time-end\">11:00<\/span><\/td>\n<td valign=\"middle\" align=\"left\"><span class=\"event-title\">Pr\u00e9sentation Projet &#8211; La technologie blockchain en faveur des v\u00e9hicules connect\u00e9s : \u00e9tat de l&rsquo;art<\/span> &#8211; <span class=\"event_description\">Halima Mhamdi<\/span><\/td>\n<td valign=\"middle\" align=\"right\">&nbsp;<\/td>\n<\/tr>\n<tr id=\"evt130818\" class=\"evt evt3\">\n<td class=\"evtTime\" valign=\"middle\" align=\"left\"><span class=\"time-start\">11:00<\/span><span class=\"time-sep\"> &#8211; <\/span><span class=\"time-end\">11:15<\/span><\/td>\n<td valign=\"middle\" align=\"left\"><span class=\"event-title\">Visite Posters et Stands<\/span><\/td>\n<td valign=\"middle\" align=\"right\">&nbsp;<\/td>\n<\/tr>\n<tr id=\"evt130819\" class=\"evt evt2\">\n<td class=\"evtTime\" valign=\"middle\" align=\"left\"><span class=\"time-start\">11:15<\/span><span class=\"time-sep\"> &#8211; <\/span><span class=\"time-end\">11:45<\/span><\/td>\n<td valign=\"middle\" align=\"left\"><span class=\"event-title\">Invit\u00e9 Sp\u00e9cial &#8211; Partenariat Univ\/ets &#8211; Une strat\u00e9gie agile pour une meilleure int\u00e9gration professionnelle des dipl\u00f4m\u00e9s<\/span> &#8211; <span class=\"event_description\">Pascal Vrignat<\/span><\/td>\n<td valign=\"middle\" align=\"right\">&nbsp;<\/td>\n<\/tr>\n<tr id=\"evt130820\" class=\"evt evt2\">\n<td class=\"evtTime\" valign=\"middle\" align=\"left\"><span class=\"time-start\">11:45<\/span><span class=\"time-sep\"> &#8211; <\/span><span class=\"time-end\">12:05<\/span><\/td>\n<td valign=\"middle\" align=\"left\"><span class=\"event-title\">Pr\u00e9sentation Projet &#8211; Smart Grids<\/span> &#8211; <span class=\"event_description\">Hind El Makhtoum<\/span><\/td>\n<td valign=\"middle\" align=\"right\">&nbsp;<\/td>\n<\/tr>\n<tr id=\"evt130821\" class=\"evt evt2\">\n<td class=\"evtTime\" valign=\"middle\" align=\"left\"><span class=\"time-start\">12:05<\/span><span class=\"time-sep\"> &#8211; <\/span><span class=\"time-end\">12:25<\/span><\/td>\n<td valign=\"middle\" align=\"left\"><span class=\"event-title\">Pr\u00e9sentation Projet &#8211; Applications possibles autour des \u00ab\u00a0smart Street\u00a0\u00bb<\/span> &#8211; <span class=\"event_description\">Cyril Liotard<\/span><\/td>\n<td valign=\"middle\" align=\"right\">&nbsp;<\/td>\n<\/tr>\n<tr id=\"evt130822\" class=\"evt evt3\">\n<td class=\"evtTime\" valign=\"middle\" align=\"left\"><span class=\"time-start\">12:25<\/span><span class=\"time-sep\"> &#8211; <\/span><span class=\"time-end\">13:30<\/span><\/td>\n<td valign=\"middle\" align=\"left\"><span class=\"event-title\">A chacun son repas&#8230; mais pas virtuel ! Visite Posters et Stands<\/span><\/td>\n<td valign=\"middle\" align=\"right\">&nbsp;<\/td>\n<\/tr>\n<tr id=\"evt130823\" class=\"evt evt2\">\n<td class=\"evtTime\" valign=\"middle\" align=\"left\"><span class=\"time-start\">13:30<\/span><span class=\"time-sep\"> &#8211; <\/span><span class=\"time-end\">14:10<\/span><\/td>\n<td valign=\"middle\" align=\"left\"><span class=\"event-title\">Invit\u00e9 Sp\u00e9cial &#8211; Pr\u00e9sentation LORA\/LORAWan<\/span> &#8211; <span class=\"event_description\">Sylvain Montagny<\/span><\/td>\n<td valign=\"middle\" align=\"right\">&nbsp;<\/td>\n<\/tr>\n<tr id=\"evt130824\" class=\"evt evt2\">\n<td class=\"evtTime\" valign=\"middle\" align=\"left\"><span class=\"time-start\">14:10<\/span><span class=\"time-sep\"> &#8211; <\/span><span class=\"time-end\">14:30<\/span><\/td>\n<td valign=\"middle\" align=\"left\"><span class=\"event-title\">Initiation &#8211; Etat de l&rsquo;art des dif\u00e9rents protocoles de communication pour IoT<\/span> &#8211; <span class=\"event_description\">Pape Fam<\/span><\/td>\n<td valign=\"middle\" align=\"right\">&nbsp;<\/td>\n<\/tr>\n<tr id=\"evt130825\" class=\"evt evt2\">\n<td class=\"evtTime\" valign=\"middle\" align=\"left\"><span class=\"time-start\">14:30<\/span><span class=\"time-sep\"> &#8211; <\/span><span class=\"time-end\">14:50<\/span><\/td>\n<td valign=\"middle\" align=\"left\"><span class=\"event-title\">Initiation &#8211; R\u00e9seaux de capteurs : communication num\u00e9rique assur\u00e9 par un RC intelligent<\/span> &#8211; <span class=\"event_description\">Hicham Belhadoui<\/span><\/td>\n<td valign=\"middle\" align=\"right\">&nbsp;<\/td>\n<\/tr>\n<tr id=\"evt130826\" class=\"evt evt2\">\n<td class=\"evtTime\" valign=\"middle\" align=\"left\"><span class=\"time-start\">14:50<\/span><span class=\"time-sep\"> &#8211; <\/span><span class=\"time-end\">15:10<\/span><\/td>\n<td valign=\"middle\" align=\"left\"><span class=\"event-title\">Pr\u00e9sentation Projet &#8211; Architecture de n\u0153ud basse consommation et intelligent pour des r\u00e9seaux de capteurs<\/span> &#8211; <span class=\"event_description\">Yassine Faize<\/span><\/td>\n<td valign=\"middle\" align=\"right\">&nbsp;<\/td>\n<\/tr>\n<tr id=\"evt130827\" class=\"evt evt2\">\n<td class=\"evtTime\" valign=\"middle\" align=\"left\"><span class=\"time-start\">15:10<\/span><span class=\"time-sep\"> &#8211; <\/span><span class=\"time-end\">15:30<\/span><\/td>\n<td valign=\"middle\" align=\"left\"><span class=\"event-title\">Pr\u00e9sentation Projet &#8211; Capteurs connect\u00e9s et autonomes pour la surveillance des structures civiles<\/span> &#8211; <span class=\"event_description\">Chokri Baccouch<\/span><\/td>\n<td valign=\"middle\" align=\"right\">&nbsp;<\/td>\n<\/tr>\n<tr id=\"evt130828\" class=\"evt evt3\">\n<td class=\"evtTime\" valign=\"middle\" align=\"left\"><span class=\"time-start\">15:30<\/span><span class=\"time-sep\"> &#8211; <\/span><span class=\"time-end\">15:50<\/span><\/td>\n<td valign=\"middle\" align=\"left\"><span class=\"event-title\">Visite Posters et Stands<\/span><\/td>\n<td valign=\"middle\" align=\"right\">&nbsp;<\/td>\n<\/tr>\n<tr id=\"evt130829\" class=\"evt evt2\">\n<td class=\"evtTime\" valign=\"middle\" align=\"left\"><span class=\"time-start\">15:50<\/span><span class=\"time-sep\"> &#8211; <\/span><span class=\"time-end\">16:10<\/span><\/td>\n<td valign=\"middle\" align=\"left\"><span class=\"event-title\">Pr\u00e9sentation Projet &#8211; Applications avec capteurs intelligents<\/span> &#8211; <span class=\"event_description\">Emmanuel Tillol<\/span><\/td>\n<td valign=\"middle\" align=\"right\">&nbsp;<\/td>\n<\/tr>\n<tr id=\"evt130830\" class=\"evt evt2\">\n<td class=\"evtTime\" valign=\"middle\" align=\"left\"><span class=\"time-start\">16:10<\/span><span class=\"time-sep\"> &#8211; <\/span><span class=\"time-end\">16:30<\/span><\/td>\n<td valign=\"middle\" align=\"left\"><span class=\"event-title\">Pr\u00e9sentation Projet &#8211; Contr\u00f4le Commande par Matlab\/Simulink en liaison sans fil<\/span> &#8211; <span class=\"event_description\">Jacky Gonthier<\/span><\/td>\n<td valign=\"middle\" align=\"right\">&nbsp;<\/td>\n<\/tr>\n<tr id=\"evt130831\" class=\"evt evt2\">\n<td class=\"evtTime\" valign=\"middle\" align=\"left\"><span class=\"time-start\">16:30<\/span><span class=\"time-sep\"> &#8211; <\/span><span class=\"time-end\">16:50<\/span><\/td>\n<td valign=\"middle\" align=\"left\"><span class=\"event-title\">Pr\u00e9sentation Projet &#8211; Vers un feu tricolore bas\u00e9 sur l&rsquo;internet des objets et le traitement d&rsquo;images<\/span> &#8211; <span class=\"event_description\">Fatima Zahra Fagroud<\/span><\/td>\n<td valign=\"middle\" align=\"right\">&nbsp;<\/td>\n<\/tr>\n<tr id=\"evt130832\" class=\"evt evt2\">\n<td class=\"evtTime\" valign=\"middle\" align=\"left\"><span class=\"time-start\">16:50<\/span><span class=\"time-sep\"> &#8211; <\/span><span class=\"time-end\">17:10<\/span><\/td>\n<td valign=\"middle\" align=\"left\"><span class=\"event-title\">Pr\u00e9sentation Projet &#8211; IntelligenSerre ou les objets connect\u00e9s : des alli\u00e9s pour le bien \u00eatre de la plan\u00e8te<\/span> &#8211; <span class=\"event_description\">Lucas Madiona; Alyssa Costenaro<\/span><\/td>\n<td valign=\"middle\" align=\"right\">&nbsp;<\/td>\n<\/tr>\n<tr id=\"evt130834\" class=\"evt evt2\">\n<td class=\"evtTime\" valign=\"middle\" align=\"left\"><span class=\"time-start\">17:10<\/span><span class=\"time-sep\"> &#8211; <\/span><span class=\"time-end\">18:30<\/span><\/td>\n<td valign=\"middle\" align=\"left\"><span class=\"event-title\">Visite Posters et Stands + pr\u00e9sentation projets tutor\u00e9s \u00e9tudiants IUT dpt RT (stands)<\/span><\/td>\n<td valign=\"middle\" align=\"right\">&nbsp;<\/td>\n<\/tr>\n<\/tbody>\n<\/table>\n<\/div>\n<div class=\"elem\">\n<p id=\"j_2021-03-31\" class=\"entete\"><span id=\"2021-03-31\" class=\"link\"> mercredi 31 mars 2021 <\/span><\/p>\n<\/div>\n<div id=\"tableau_2021-03-31\" class=\"elem\">\n<table id=\"events_2021-03-31\" class=\"tableau\" width=\"100%\" cellspacing=\"0\" cellpadding=\"6\" border=\"0\">\n<thead>\n<tr>\n<td width=\"72\" align=\"left\">Heures<\/td>\n<td align=\"left\">\u00e9v\u00e9nement<\/td>\n<td width=\"30\" align=\"right\"><span class=\"smallentete\"> <a class=\"entetelink\">(+)<\/a> <\/span><\/td>\n<\/tr>\n<\/thead>\n<tbody>\n<tr id=\"evt128873\" class=\"evt evt2\">\n<td class=\"evtTime\" valign=\"middle\" align=\"left\"><span class=\"time-start\">09:00<\/span><span class=\"time-sep\"> &#8211; <\/span><span class=\"time-end\">09:45<\/span><\/td>\n<td valign=\"middle\" align=\"left\"><span class=\"event-title\">Invit\u00e9 Sp\u00e9cial &#8211; Vision d&rsquo;un acteur industriel (STMicroelectronics) : \u00e9volution de l&rsquo;IdO \u00e0 court et moyen terme <\/span> &#8211; <span class=\"event_description\">Hakim Jaafar<\/span><\/td>\n<td valign=\"middle\" align=\"right\">&nbsp;<\/td>\n<\/tr>\n<tr id=\"evt128874\" class=\"evt evt2\">\n<td class=\"evtTime\" valign=\"middle\" align=\"left\"><span class=\"time-start\">09:45<\/span><span class=\"time-sep\"> &#8211; <\/span><span class=\"time-end\">10:15<\/span><\/td>\n<td valign=\"middle\" align=\"left\"><span class=\"event-title\">Invit\u00e9 Sp\u00e9cial &#8211; La micro\u00e9lectronique et l&rsquo;IdO : un lien indissociable <\/span> &#8211; <span class=\"event_description\">Olivier Bonnaud (CNFM)<\/span><\/td>\n<td valign=\"middle\" align=\"right\">&nbsp;<\/td>\n<\/tr>\n<tr id=\"evt130835\" class=\"evt evt2\">\n<td class=\"evtTime\" valign=\"middle\" align=\"left\"><span class=\"time-start\">10:15<\/span><span class=\"time-sep\"> &#8211; <\/span><span class=\"time-end\">10:35<\/span><\/td>\n<td valign=\"middle\" align=\"left\"><span class=\"event-title\">Pr\u00e9sentation Projet &#8211; La technologie 5G pour les objets connect\u00e9s<\/span> &#8211; <span class=\"event_description\">Ilhman Salhane<\/span><\/td>\n<td valign=\"middle\" align=\"right\">&nbsp;<\/td>\n<\/tr>\n<tr id=\"evt130836\" class=\"evt evt2\">\n<td class=\"evtTime\" valign=\"middle\" align=\"left\"><span class=\"time-start\">10:35<\/span><span class=\"time-sep\"> &#8211; <\/span><span class=\"time-end\">10:55<\/span><\/td>\n<td valign=\"middle\" align=\"left\"><span class=\"event-title\">Pr\u00e9sentation Projet &#8211; Technique de trilat\u00e9ration pour la localisation Indoor<\/span> &#8211; <span class=\"event_description\">Tian Yang<\/span><\/td>\n<td valign=\"middle\" align=\"right\">&nbsp;<\/td>\n<\/tr>\n<tr id=\"evt130837\" class=\"evt evt2\">\n<td class=\"evtTime\" valign=\"middle\" align=\"left\"><span class=\"time-start\">10:55<\/span><span class=\"time-sep\"> &#8211; <\/span><span class=\"time-end\">11:15<\/span><\/td>\n<td valign=\"middle\" align=\"left\"><span class=\"event-title\">Initiation &#8211; Jumeaux num\u00e9riques et IoT<\/span> &#8211; <span class=\"event_description\">Aziz Naaman<\/span><\/td>\n<td valign=\"middle\" align=\"right\">&nbsp;<\/td>\n<\/tr>\n<tr id=\"evt130838\" class=\"evt evt3\">\n<td class=\"evtTime\" valign=\"middle\" align=\"left\"><span class=\"time-start\">11:15<\/span><span class=\"time-sep\"> &#8211; <\/span><span class=\"time-end\">11:30<\/span><\/td>\n<td valign=\"middle\" align=\"left\"><span class=\"event-title\">Visite Posters et Stands<\/span><\/td>\n<td valign=\"middle\" align=\"right\">&nbsp;<\/td>\n<\/tr>\n<tr id=\"evt130839\" class=\"evt evt2\">\n<td class=\"evtTime\" valign=\"middle\" align=\"left\"><span class=\"time-start\">11:15<\/span><span class=\"time-sep\"> &#8211; <\/span><span class=\"time-end\">11:35<\/span><\/td>\n<td valign=\"middle\" align=\"left\"><span class=\"event-title\">Pr\u00e9sentation Projet &#8211; Analyse de sensibilit\u00e9 des appareils m\u00e9dicaux connect\u00e9s \u00e0 l&rsquo;internet des objets \u00e0 bande \u00e9troite (NB-IoT)<\/span> &#8211; <span class=\"event_description\">Salma Rattal<\/span><\/td>\n<td valign=\"middle\" align=\"right\">&nbsp;<\/td>\n<\/tr>\n<tr id=\"evt130840\" class=\"evt evt2\">\n<td class=\"evtTime\" valign=\"middle\" align=\"left\"><span class=\"time-start\">11:35<\/span><span class=\"time-sep\"> &#8211; <\/span><span class=\"time-end\">11:45<\/span><\/td>\n<td valign=\"middle\" align=\"left\"><span class=\"event-title\">Pr\u00e9sentation Projet &#8211; Cr\u00e9ation d&rsquo;un magasin connect\u00e9 \u00e0 l&rsquo;IUT de Marseille<\/span> &#8211; <span class=\"event_description\">Jean-Jacques Simon<\/span><\/td>\n<td valign=\"middle\" align=\"right\">&nbsp;<\/td>\n<\/tr>\n<tr id=\"evt130841\" class=\"evt evt2\">\n<td class=\"evtTime\" valign=\"middle\" align=\"left\"><span class=\"time-start\">11:45<\/span><span class=\"time-sep\"> &#8211; <\/span><span class=\"time-end\">12:05<\/span><\/td>\n<td valign=\"middle\" align=\"left\"><span class=\"event-title\">Pr\u00e9sentation Projet &#8211; Vers une solution e-logistique optimis\u00e9e int\u00e9grant l&rsquo;IoT<\/span> &#8211; <span class=\"event_description\">Imad Sghiar<\/span><\/td>\n<td valign=\"middle\" align=\"right\">&nbsp;<\/td>\n<\/tr>\n<tr id=\"evt128876\" class=\"evt evt3\">\n<td class=\"evtTime\" valign=\"middle\" align=\"left\"><span class=\"time-start\">12:05<\/span><span class=\"time-sep\"> &#8211; <\/span><span class=\"time-end\">13:30<\/span><\/td>\n<td valign=\"middle\" align=\"left\"><span class=\"event-title\">A chacun son repas&#8230; mais pas virtuel ! Visite Posters et Stands<\/span><\/td>\n<td valign=\"middle\" align=\"right\">&nbsp;<\/td>\n<\/tr>\n<tr id=\"evt130842\" class=\"evt evt2\">\n<td class=\"evtTime\" valign=\"middle\" align=\"left\"><span class=\"time-start\">13:30<\/span><span class=\"time-sep\"> &#8211; <\/span><span class=\"time-end\">13:50<\/span><\/td>\n<td valign=\"middle\" align=\"left\"><span class=\"event-title\">Pr\u00e9sentation Projet &#8211; D\u00e9tection de COVID-19 \u00e0 partir des image radiographiques thoraciques<\/span> &#8211; <span class=\"event_description\">Abdelbaki Souid<\/span><\/td>\n<td valign=\"middle\" align=\"right\">&nbsp;<\/td>\n<\/tr>\n<tr id=\"evt130843\" class=\"evt evt2\">\n<td class=\"evtTime\" valign=\"middle\" align=\"left\"><span class=\"time-start\">13:50<\/span><span class=\"time-sep\"> &#8211; <\/span><span class=\"time-end\">14:10<\/span><\/td>\n<td valign=\"middle\" align=\"left\"><span class=\"event-title\">Pr\u00e9sentation Projet &#8211; l&rsquo;IoT participe \u00e0 lutter contre la pand\u00e9mie de COVID-19<\/span> &#8211; <span class=\"event_description\">Leila Ennaceur<\/span><\/td>\n<td valign=\"middle\" align=\"right\">&nbsp;<\/td>\n<\/tr>\n<tr id=\"evt130844\" class=\"evt evt2\">\n<td class=\"evtTime\" valign=\"middle\" align=\"left\"><span class=\"time-start\">14:10<\/span><span class=\"time-sep\"> &#8211; <\/span><span class=\"time-end\">14:30<\/span><\/td>\n<td valign=\"middle\" align=\"left\"><span class=\"event-title\">Pr\u00e9sentation Projet &#8211; Syst\u00e8me de contr\u00f4le automatique des attestations de d\u00e9placements d\u00e9rogatoires et de suivi de la propagation de Covid-19 au Maroc<\/span> &#8211; <span class=\"event_description\">Yacine Elyounoussi<\/span><\/td>\n<td valign=\"middle\" align=\"right\">&nbsp;<\/td>\n<\/tr>\n<tr id=\"evt130845\" class=\"evt evt2\">\n<td class=\"evtTime\" valign=\"middle\" align=\"left\"><span class=\"time-start\">14:30<\/span><span class=\"time-sep\"> &#8211; <\/span><span class=\"time-end\">14:50<\/span><\/td>\n<td valign=\"middle\" align=\"left\"><span class=\"event-title\">Pr\u00e9sentation Projet &#8211; Vers une mod\u00e9lisation graphique des applications ubiquitaires bas\u00e9e sur un Dsml intelligent : Covid-19 Contact-tracer<\/span> &#8211; <span class=\"event_description\">Mohamed nadjib Tabbiche<\/span><\/td>\n<td valign=\"middle\" align=\"right\">&nbsp;<\/td>\n<\/tr>\n<tr id=\"evt130846\" class=\"evt evt3\">\n<td class=\"evtTime\" valign=\"middle\" align=\"left\"><span class=\"time-start\">14:50<\/span><span class=\"time-sep\"> &#8211; <\/span><span class=\"time-end\">15:15<\/span><\/td>\n<td valign=\"middle\" align=\"left\"><span class=\"event-title\">Visite Posters et Stands<\/span><\/td>\n<td valign=\"middle\" align=\"right\">&nbsp;<\/td>\n<\/tr>\n<tr id=\"evt128877\" class=\"evt evt2\">\n<td class=\"evtTime\" valign=\"middle\" align=\"left\"><span class=\"time-start\">15:15<\/span><span class=\"time-sep\"> &#8211; <\/span><span class=\"time-end\">16:00<\/span><\/td>\n<td valign=\"middle\" align=\"left\"><span class=\"event-title\">Invit\u00e9 Sp\u00e9cial &#8211; Programmation des objets connect\u00e9s par une approche graphique<\/span> &#8211; <span class=\"event_description\">Dominique Mollard<\/span><\/td>\n<td valign=\"middle\" align=\"right\">&nbsp;<\/td>\n<\/tr>\n<tr id=\"evt128878\" class=\"evt evt2\">\n<td class=\"evtTime\" valign=\"middle\" align=\"left\"><span class=\"time-start\">16:00<\/span><span class=\"time-sep\"> &#8211; <\/span><span class=\"time-end\">16:45<\/span><\/td>\n<td valign=\"middle\" align=\"left\"><span class=\"event-title\">Invit\u00e9 Sp\u00e9cial &#8211; Etat de l&rsquo;art des approches graphiques pour la programmation des syst\u00e8mes embarqu\u00e9s<\/span> &#8211; <span class=\"event_description\">S\u00e9bastien Canet<\/span><\/td>\n<td valign=\"middle\" align=\"right\">&nbsp;<\/td>\n<\/tr>\n<tr id=\"evt128879\" class=\"evt evt2\">\n<td class=\"evtTime\" valign=\"middle\" align=\"left\"><span class=\"time-start\">16:45<\/span><span class=\"time-sep\"> &#8211; <\/span><span class=\"time-end\">17:30<\/span><\/td>\n<td valign=\"middle\" align=\"left\"><span class=\"event-title\">Table Ronde &#8211; Programmation graphique : gadget ou v\u00e9ritable r\u00e9volution ?<\/span> &#8211; <span class=\"event_description\">D. Mollard, S. Canet, P. Pardo&#8230; et le public<\/span><\/td>\n<\/tr>\n<\/tbody>\n<\/table>\n<\/div>\n","protected":false},"excerpt":{"rendered":"<p>Le programme du colloque vent d&rsquo;\u00eatre publi\u00e9, j&rsquo;y participerai le mercredi AM. Le reste semble tr\u00e8s int\u00e9ressant, mais h\u00e9las je bosse sur les autres cr\u00e9neaux&#8230; Programme \u00e0 retrouver ici : https:\/\/coc2021.sciencesconf.org\/program lundi 29 mars 2021 Heures \u00e9v\u00e9nement (+) 13:30 &#8211; &hellip;<\/p>\n<p class=\"read-more\"> <a class=\"more-link\" href=\"https:\/\/libreduc.cc\/blog\/astuce\/2021\/03\/23\/colloque-sur-les-systemes-objets-connectes\/\"> <span class=\"screen-reader-text\">Colloque sur les syst\u00e8mes objets connect\u00e9s<\/span> Read More &raquo;<\/a><\/p>\n","protected":false},"author":1,"featured_media":0,"comment_status":"open","ping_status":"open","sticky":false,"template":"","format":"standard","meta":{"inline_featured_image":false,"footnotes":""},"categories":[4,2],"tags":[],"class_list":["post-2880","post","type-post","status-publish","format-standard","hentry","category-geek","category-numerique"],"_links":{"self":[{"href":"https:\/\/libreduc.cc\/blog\/astuce\/wp-json\/wp\/v2\/posts\/2880","targetHints":{"allow":["GET"]}}],"collection":[{"href":"https:\/\/libreduc.cc\/blog\/astuce\/wp-json\/wp\/v2\/posts"}],"about":[{"href":"https:\/\/libreduc.cc\/blog\/astuce\/wp-json\/wp\/v2\/types\/post"}],"author":[{"embeddable":true,"href":"https:\/\/libreduc.cc\/blog\/astuce\/wp-json\/wp\/v2\/users\/1"}],"replies":[{"embeddable":true,"href":"https:\/\/libreduc.cc\/blog\/astuce\/wp-json\/wp\/v2\/comments?post=2880"}],"version-history":[{"count":1,"href":"https:\/\/libreduc.cc\/blog\/astuce\/wp-json\/wp\/v2\/posts\/2880\/revisions"}],"predecessor-version":[{"id":2881,"href":"https:\/\/libreduc.cc\/blog\/astuce\/wp-json\/wp\/v2\/posts\/2880\/revisions\/2881"}],"wp:attachment":[{"href":"https:\/\/libreduc.cc\/blog\/astuce\/wp-json\/wp\/v2\/media?parent=2880"}],"wp:term":[{"taxonomy":"category","embeddable":true,"href":"https:\/\/libreduc.cc\/blog\/astuce\/wp-json\/wp\/v2\/categories?post=2880"},{"taxonomy":"post_tag","embeddable":true,"href":"https:\/\/libreduc.cc\/blog\/astuce\/wp-json\/wp\/v2\/tags?post=2880"}],"curies":[{"name":"wp","href":"https:\/\/api.w.org\/{rel}","templated":true}]}}