{"id":410,"date":"2009-11-12T09:50:08","date_gmt":"2009-11-12T08:50:08","guid":{"rendered":"https:\/\/libreduc.cc\/blog\/astuce\/?p=410"},"modified":"2009-11-12T09:50:08","modified_gmt":"2009-11-12T08:50:08","slug":"un-enseignant-francais-deps-recompense-au-5eme-forum-mondial-de-linnovation-educative","status":"publish","type":"post","link":"https:\/\/libreduc.cc\/blog\/astuce\/2009\/11\/12\/un-enseignant-francais-deps-recompense-au-5eme-forum-mondial-de-linnovation-educative\/","title":{"rendered":"Un enseignant fran\u00e7ais d&#039;EPS r\u00e9compens\u00e9 au 5\u00e8me Forum mondial de l&#039;innovation \u00e9ducative"},"content":{"rendered":"<p style=\"text-align: justify;\">Voici le cas d&rsquo;un coll\u00e8gue, sorte de G\u00e9o Trouvetou hyperactif du bidouillage, <em>qui ne dort pas beaucoup<\/em> et qui a tranquillement mis en place, <em>(je sais, je l&rsquo;ai crois\u00e9 au forum de Roubaix, j&rsquo;y \u00e9tais pour le D\u00e9fi Air<\/em>) \u00e0 l&rsquo;aide du vieux mat\u00e9riel donn\u00e9 par ses \u00e9l\u00e8ves, des situations utilisant r\u00e9ellement et intelligemment les TIC<strong>E<\/strong>. Lu dans le Caf\u00e9 P\u00e9dagogique d&rsquo;aujourd&rsquo;hui :<\/p>\n<p style=\"text-align: justify;\"><strong><img loading=\"lazy\" decoding=\"async\" class=\"alignleft size-full wp-image-1010\" title=\"eps1\" src=\"http:\/\/chantenay-clg44.ac-nantes.fr\/blog\/wp-content\/uploads\/2009\/11\/eps1.jpg\" alt=\"eps1\" width=\"200\" height=\"191\" \/>De Roubaix \u00e0 Salvador de Bahia, un jeune professeur d&rsquo;EPS fran\u00e7ais est r\u00e9compens\u00e9 dans une manifestation mondiale<\/strong>. Du 3 au 6 novembre, Salvador de Bahia a accueilli le 5\u00e8me Forum de l&rsquo;innovation \u00e9ducative, un \u00e9v\u00e9nement mondial organis\u00e9 par le programme \u00e9ducation de Microsoft. Pr\u00e8s de 200 projets \u00e9ducatifs venus d&rsquo;une cinquantaine de pays \u00e9taient pr\u00e9sent\u00e9s. Parmi eux quelques projets fran\u00e7ais, deux d&rsquo;entre eux ayant \u00e9t\u00e9 r\u00e9compens\u00e9s lors du Forum des enseignants innovants de Roubaix.<\/p>\n<p style=\"text-align: justify;\"><strong>Damien Leb\u00e8gue fait partie de ceux-ci<\/strong>. Professeur d\u2019EPS du c\u00f4t\u00e9 de Reims, il n\u2019envisage pas que des \u00e9l\u00e8ves puissent subir la double punition d\u2019un handicap et d\u2019une dispense de cours qui en d\u00e9coule. Il imagine alors des ateliers auxquels tout le monde pourrait participer pour peu qu\u2019ils leur soient adapt\u00e9s. Par exemple, sur le mur d\u2019escalade, sont dispos\u00e9s des rep\u00e8res qui lorsqu\u2019on les touche avec un gant interactif distillent des sons. Un \u00e9l\u00e8ve en fauteuil roulant peut ainsi faire de l&rsquo;escalade avec ses camarades. Damien met les TICE au service de l&rsquo;EPS et d&rsquo;une soci\u00e9t\u00e9 plus solidaire. Cela n&rsquo;\u00e9chappe pas \u00e0 ses \u00e9l\u00e8ves qui l&rsquo;alimentent en vieilles consoles de jeu pour bricoler les outils qui appuient la solidarit\u00e9. Nous sommes particuli\u00e8rement heureux de voir ce coll\u00e8gue remarquable obtenir un des douze prix de cette comp\u00e9tition mondiale.<\/p>\n<p style=\"text-align: justify;\"><a href=\"http:\/\/www.cafepedagogique.net\/communautes\/LeCafeauBresil\/default.aspx\" target=\"_blank\">Lisez le reportage du Caf\u00e9 P\u00e9dagogique \u00e0 Salvador de Bahia<\/a><\/p>\n<p><a href=\"http:\/\/www.cafepedagogique.net\/lemensuel\/lenseignant\/eps\/Pages\/2009\/102_AlaUne.aspx\" target=\"_blank\">A la rencontre de Damien Leb\u00e8gue<\/a><\/p>\n<p style=\"text-align: justify;\"><a href=\"http:\/\/www.agence-usages-tice.education.fr\/temoignages\/pedagogie-differenciee-en-eps-1116.htm\" target=\"_blank\">Vid\u00e9o pr\u00e9sentant la d\u00e9marche de Damien Leb\u00e8gue<\/a><\/p>\n<p style=\"text-align: justify;\"><a href=\"http:\/\/www.cafepedagogique.net\/communautes\/Forum2009\/default.aspx\" target=\"_blank\">Le Forum des enseignants innovants de Roubaix<\/a><\/p>\n<p style=\"text-align: justify;\">Concernant le vieux mat\u00e9riel qu&rsquo;il utilise, voil\u00e0 une bonne id\u00e9e \u00e0 recycler qui \u00e9vite l&rsquo;achat de PDA\/PocketPC : une Gameboy (pour ne pas la citer) Color (ou pas, c&rsquo;est vous qui voyez) , une cartouche adaptateur SD, une carte SD, et hop voil\u00e0 un diaporama portable pour un maximum d&rsquo;autonomie !<\/p>\n<p style=\"text-align: justify;\">[nggallery id=2]<\/p>\n<p style=\"text-align: justify;\">La soci\u00e9t\u00e9 la plus connue est <a href=\"http:\/\/eng.supercard.sc\/\" target=\"_blank\">Supercard <\/a>(vous y trouverez aussi des logiciels pour bidouiller tout \u00e7a) mais les brocantes et autres vide-grenier (ma 1\u00e8re Gameboy Advance, je l&rsquo;ai juste achet\u00e9e 3,5 \u20ac !) vont devenir vos amis ! Mais on peut imaginer ce syst\u00e8me pour laisser des consignes \u00e0 des groupes d&rsquo;\u00e9l\u00e8ves pendant une sortie avec une console\/consignes + questionnaire \u00e0 remplir pour chaque groupe, chacun faisant un travail diff\u00e9rent.<\/p>\n","protected":false},"excerpt":{"rendered":"<p>Voici le cas d&rsquo;un coll\u00e8gue, sorte de G\u00e9o Trouvetou hyperactif du bidouillage, qui ne dort pas beaucoup et qui a tranquillement mis en place, (je sais, je l&rsquo;ai crois\u00e9 au forum de Roubaix, j&rsquo;y \u00e9tais pour le D\u00e9fi Air) \u00e0 &hellip;<\/p>\n<p class=\"read-more\"> <a class=\"more-link\" href=\"https:\/\/libreduc.cc\/blog\/astuce\/2009\/11\/12\/un-enseignant-francais-deps-recompense-au-5eme-forum-mondial-de-linnovation-educative\/\"> <span class=\"screen-reader-text\">Un enseignant fran\u00e7ais d&#039;EPS r\u00e9compens\u00e9 au 5\u00e8me Forum mondial de l&#039;innovation \u00e9ducative<\/span> Read More &raquo;<\/a><\/p>\n","protected":false},"author":1,"featured_media":0,"comment_status":"open","ping_status":"open","sticky":false,"template":"","format":"standard","meta":{"inline_featured_image":false,"footnotes":""},"categories":[4,2],"tags":[],"class_list":["post-410","post","type-post","status-publish","format-standard","hentry","category-geek","category-numerique"],"_links":{"self":[{"href":"https:\/\/libreduc.cc\/blog\/astuce\/wp-json\/wp\/v2\/posts\/410","targetHints":{"allow":["GET"]}}],"collection":[{"href":"https:\/\/libreduc.cc\/blog\/astuce\/wp-json\/wp\/v2\/posts"}],"about":[{"href":"https:\/\/libreduc.cc\/blog\/astuce\/wp-json\/wp\/v2\/types\/post"}],"author":[{"embeddable":true,"href":"https:\/\/libreduc.cc\/blog\/astuce\/wp-json\/wp\/v2\/users\/1"}],"replies":[{"embeddable":true,"href":"https:\/\/libreduc.cc\/blog\/astuce\/wp-json\/wp\/v2\/comments?post=410"}],"version-history":[{"count":0,"href":"https:\/\/libreduc.cc\/blog\/astuce\/wp-json\/wp\/v2\/posts\/410\/revisions"}],"wp:attachment":[{"href":"https:\/\/libreduc.cc\/blog\/astuce\/wp-json\/wp\/v2\/media?parent=410"}],"wp:term":[{"taxonomy":"category","embeddable":true,"href":"https:\/\/libreduc.cc\/blog\/astuce\/wp-json\/wp\/v2\/categories?post=410"},{"taxonomy":"post_tag","embeddable":true,"href":"https:\/\/libreduc.cc\/blog\/astuce\/wp-json\/wp\/v2\/tags?post=410"}],"curies":[{"name":"wp","href":"https:\/\/api.w.org\/{rel}","templated":true}]}}