{"id":428,"date":"2009-12-03T09:33:09","date_gmt":"2009-12-03T08:33:09","guid":{"rendered":"https:\/\/libreduc.cc\/blog\/astuce\/?p=428"},"modified":"2009-12-03T09:33:09","modified_gmt":"2009-12-03T08:33:09","slug":"langues-monter-un-site-internet-avec-sael","status":"publish","type":"post","link":"https:\/\/libreduc.cc\/blog\/astuce\/2009\/12\/03\/langues-monter-un-site-internet-avec-sael\/","title":{"rendered":"Langues : Monter un site Internet avec Sael"},"content":{"rendered":"<p>Lu dans le Caf\u00e9 P\u00e9dagogique du jeudi 3 d\u00e9cembre 2009 avec un document \u00e0 t\u00e9l\u00e9charger riche en liens :<\/p>\n<p style=\"text-align: justify;\"><cite title=\"cafe\">Qu&rsquo;est-ce qu&rsquo;un site d&rsquo;accompagnement pour les enseignants de langues ?  Comment concevoir, animer et am\u00e9liorer un tel site ? Qui est impliqu\u00e9 dans ce processus et quelles en sont les principales \u00e9tapes ? Pourquoi un site d&rsquo;accompagnement repr\u00e9sente-t-il une r\u00e9elle plus-value pour la communaut\u00e9 enseignante ? Le projet SAEL a abouti \u00e0 ce guide rassemblant des propositions concr\u00e8tes pour cr\u00e9er ou actualiser des sites destin\u00e9s \u00e0 accompagner le travail des enseignants de langues.Ce guide se propose de r\u00e9pondre, de mani\u00e8re pratique, \u00e0 l&rsquo;ensemble de ces questions. Vous y trouverez des recommandations ainsi que des exemples de sites et de bonnes pratiques pour cr\u00e9er, am\u00e9liorer et animer un site d&rsquo;accompagnement adapt\u00e9 \u00e0 votre contexte national, r\u00e9gional ou institutionnel.<br \/>\n<\/cite><br \/>\n<a href=\"http:\/\/chantenay-clg44.ac-nantes.fr\/enseignants\/news\/wp-content\/uploads\/2009\/12\/guide_sael_2009_0.pdf\"><img loading=\"lazy\" decoding=\"async\" class=\"alignleft\" title=\"pdf\" src=\"http:\/\/www.gestiriego.com\/pdf-file-logo-icon-300x300.jpg\" alt=\"\" width=\"86\" height=\"86\" \/><\/a><a href=\"http:\/\/chantenay-clg44.ac-nantes.fr\/enseignants\/news\/wp-content\/uploads\/2009\/12\/guide_sael_2009_0.pdf\">Guide SAEL \u00e0 t\u00e9l\u00e9charger.<\/a><\/p>\n","protected":false},"excerpt":{"rendered":"<p>Lu dans le Caf\u00e9 P\u00e9dagogique du jeudi 3 d\u00e9cembre 2009 avec un document \u00e0 t\u00e9l\u00e9charger riche en liens : Qu&rsquo;est-ce qu&rsquo;un site d&rsquo;accompagnement pour les enseignants de langues ? Comment concevoir, animer et am\u00e9liorer un tel site ? Qui est &hellip;<\/p>\n<p class=\"read-more\"> <a class=\"more-link\" href=\"https:\/\/libreduc.cc\/blog\/astuce\/2009\/12\/03\/langues-monter-un-site-internet-avec-sael\/\"> <span class=\"screen-reader-text\">Langues : Monter un site Internet avec Sael<\/span> Read More &raquo;<\/a><\/p>\n","protected":false},"author":1,"featured_media":0,"comment_status":"open","ping_status":"open","sticky":false,"template":"","format":"standard","meta":{"inline_featured_image":false,"footnotes":""},"categories":[2],"tags":[],"class_list":["post-428","post","type-post","status-publish","format-standard","hentry","category-numerique"],"_links":{"self":[{"href":"https:\/\/libreduc.cc\/blog\/astuce\/wp-json\/wp\/v2\/posts\/428","targetHints":{"allow":["GET"]}}],"collection":[{"href":"https:\/\/libreduc.cc\/blog\/astuce\/wp-json\/wp\/v2\/posts"}],"about":[{"href":"https:\/\/libreduc.cc\/blog\/astuce\/wp-json\/wp\/v2\/types\/post"}],"author":[{"embeddable":true,"href":"https:\/\/libreduc.cc\/blog\/astuce\/wp-json\/wp\/v2\/users\/1"}],"replies":[{"embeddable":true,"href":"https:\/\/libreduc.cc\/blog\/astuce\/wp-json\/wp\/v2\/comments?post=428"}],"version-history":[{"count":0,"href":"https:\/\/libreduc.cc\/blog\/astuce\/wp-json\/wp\/v2\/posts\/428\/revisions"}],"wp:attachment":[{"href":"https:\/\/libreduc.cc\/blog\/astuce\/wp-json\/wp\/v2\/media?parent=428"}],"wp:term":[{"taxonomy":"category","embeddable":true,"href":"https:\/\/libreduc.cc\/blog\/astuce\/wp-json\/wp\/v2\/categories?post=428"},{"taxonomy":"post_tag","embeddable":true,"href":"https:\/\/libreduc.cc\/blog\/astuce\/wp-json\/wp\/v2\/tags?post=428"}],"curies":[{"name":"wp","href":"https:\/\/api.w.org\/{rel}","templated":true}]}}