{"id":464,"date":"2010-02-19T21:01:42","date_gmt":"2010-02-19T20:01:42","guid":{"rendered":"https:\/\/libreduc.cc\/blog\/astuce\/?p=464"},"modified":"2010-02-19T21:01:42","modified_gmt":"2010-02-19T20:01:42","slug":"questions-sur-les-ent","status":"publish","type":"post","link":"https:\/\/libreduc.cc\/blog\/astuce\/2010\/02\/19\/questions-sur-les-ent\/","title":{"rendered":"Questions sur les ENT"},"content":{"rendered":"<p><em><img loading=\"lazy\" decoding=\"async\" class=\"alignleft\" title=\"point_interrogation\" src=\"http:\/\/t2.gstatic.com\/images?q=tbn:chZSK58Lyjx0GM:http:\/\/farm1.static.flickr.com\/46\/143623934_156d2d5098_o.jpg\" alt=\"\" width=\"130\" height=\"98\" \/>Ils sont l\u00e0, ils approchent, ils sont \u00e0 nos portes : les ENT !!! Celui de l&rsquo;acad\u00e9mie de Nantes, <a href=\"http:\/\/www.pedagogie.ac-nantes.fr\/95772656\/0\/fiche___pagelibre\/&amp;RH=TICE&amp;RF=1179135094750\" target=\"_blank\">eLYCO<\/a>, est sur les rails et vous pouvez participer \u00e0 la <a title=\"Foire Aux Questions\" href=\"http:\/\/www.pedagogie.ac-nantes.fr\/91567354\/0\/fiche___pagelibre\/&amp;RH=1179135094750&amp;RF=1260891488243\" target=\"_blank\">FAQ (Foire Aux Questions)<\/a>. Mais il n&rsquo;y a pas que nous, voici d&rsquo;autres interrogations que nous livre Bruno Devauchelle sur son blog.<\/em><br \/>\n<!--more-->Tout le monde se questionne : voici ce qu&rsquo;il a recueilli lors d&rsquo;une journ\u00e9e de formation sur les d\u00e9veloppements \u00e0 venir des ENT dans un \u00e9tablissement qu&rsquo;il qualifie d&rsquo;ordinaire (et non pas un \u00e9tablissement pilote ou pionnier).<\/p>\n<ul>\n<blockquote>\n<li>Acc\u00e8s de tous \u00e0 Internet ? Que faire des \u00e9l\u00e8ves qui n\u2019ont pas acc\u00e8s en dehors ?<\/li>\n<li>Vie priv\u00e9e\/vie professionnelle, quelles \u00e9volutions, dans quelle mesure sont-elles possibles et souhaitables ?<\/li>\n<li>Comment partager les charges de travail \u2026 de mani\u00e8re \u00e9quitable au sein d\u2019une \u00e9quipe qui utilise un ENT ?<\/li>\n<li>Que faire des diff\u00e9rences de point de vue et de comp\u00e9tences des enseignants et des \u00e9l\u00e8ves ?<\/li>\n<li>Les cahiers de textes ne risquent-ils pas d\u2019inviter \u00e0 une ing\u00e9rence externe nouvelle (parents, coll\u00e8gues, \u00e9l\u00e8ves, rectorat\u2026 ?<\/li>\n<li>Quel peut \u00eatre le nouveau regard des parents, du rectorat si nous utilisons un ENT ?<\/li>\n<li>La gestion informatis\u00e9e de la vie scolaire ne risque-t-elle pas de g\u00eaner les relations humaines ?<\/li>\n<li>Quel est le b\u00e9n\u00e9fice p\u00e9dagogique de l\u2019informatisation ?<\/li>\n<li>Comment s\u2019assurer qu\u2019il n\u2019y a pas d\u2019atteinte \u00e0 la vie priv\u00e9e, \u00e0 la libert\u00e9 ?<\/li>\n<li>Quelles sont les finalit\u00e9s d\u2019un ENT : mutualiser, harmoniser, uniformiser ?<\/li>\n<li>Quels sont les dangers s\u2019il y a abus dans les usages, dans le temps, dans les outils utilis\u00e9s, dans les ressources consult\u00e9es ?<\/li>\n<li>Comment faire pour utiliser l\u2019ENT pour ses cours ?<\/li>\n<li>Quelle est la fiabilit\u00e9 du travail \u00e0 la maison quand cela se passe en ligne ?<\/li>\n<li>Quelle est la limite du temps de travail personnel des profs dans un syst\u00e8me comme l\u2019ENT ?<\/li>\n<li>N\u2019y a-t-il pas risque de concurrence entre lien \u00e9lectronique par mail et \u00e9coute en classe ?<\/li>\n<li>Ne risque-t-on pas la saturation des courriers \u00e9lectroniques (surtout venant des \u00e9l\u00e8ves) avec l\u2019ENT ?<\/li>\n<li>Ne faut-il pas repenser l\u2019organisation horaire (et au del\u00e0) du CDI pour faciliter l\u2019acc\u00e8s des \u00e9l\u00e8ves aux ressources num\u00e9riques ?<\/li>\n<li>Quelles sont les cons\u00e9quences sur la sant\u00e9 du d\u00e9veloppement des TIC dans l\u2019\u00e9tablissement (\u00e9crans, ondes etc\u2026) ?<\/li>\n<li>Quelles sont les cons\u00e9quences sur les relations humaines ?<\/li>\n<li>Quels sont les obligations l\u00e9gales vis \u00e0 vis de la CNIL ?<\/li>\n<li>Les parents devront-ils pourront-ils acheter une signature \u00e9lectronique ?<\/li>\n<li>N\u2019y a-t-il pas de risque de fracture sociale renouvel\u00e9e \u00e0 cause des ENT ?<\/li>\n<\/blockquote>\n<\/ul>\n<p>Nous retrouvons l\u00e0 pas mal de questions d\u00e9j\u00e0 trait\u00e9es dans notre FAQ, mais il souligne aussi ce que devrons affronter ceux qui initieront des pratiques\/formeront dans les \u00e9tablissements :<\/p>\n<blockquote><p><em>L\u2019h\u00e9t\u00e9rog\u00e9n\u00e9it\u00e9 des publics est un des facteurs les plus complexe \u00e0 prendre en compte pour d\u00e9ployer de telles initiatives. On per\u00e7oit d\u2019ailleurs dans ces questions ordinaires (tous les personnels \u00e9taient rassembl\u00e9s) la vari\u00e9t\u00e9 des pr\u00e9occupation qu\u2019il faudra prendre en compte. <\/em><\/p><\/blockquote>\n<p>La seule solution : \u00eatre \u00e0 l&rsquo;\u00e9coute et accompagner pour d\u00e9gager les plus-values que tout \u00e0 chacun peut en retirer, tout en \u00e9non\u00e7ant bien ce qu&rsquo;il faut \u00e9viter (surcharger le temps hors-classe, penser que les \u00e9l\u00e8ves n&rsquo;ont qu&rsquo;une mati\u00e8re, qu&rsquo;ils ont facilement acc\u00e8s \u00e0 Internet,&#8230;) pour ne pas rendre l&rsquo;outil inutilisable \u00e0 terme.<br \/>\n<a title=\"Blog\" href=\"http:\/\/www.brunodevauchelle.com\/blog\/\" target=\"_blank\"><em>Le blog de Bruno Devauchelle.<\/em><\/a><br \/>\n<a title=\"Article sur le blog\" href=\"http:\/\/www.brunodevauchelle.com\/blog\/?p=609\" target=\"_blank\"><em>L&rsquo;article en question(s), qui sera surement enrichi dans le futur.<\/em><\/a><br \/>\n<a title=\"eLYCO\" href=\"http:\/\/www.pedagogie.ac-nantes.fr\/95772656\/0\/fiche___pagelibre\/&amp;RH=TICE&amp;RF=1179135094750\" target=\"_blank\"><em>Tout sur eLYCO.<\/em><\/a><br \/>\n<a title=\"FAQ\" href=\"http:\/\/www.pedagogie.ac-nantes.fr\/91567354\/0\/fiche___pagelibre\/&amp;RH=1179135094750&amp;RF=1260891488243\" target=\"_blank\"><em>La FAQ sur eLYCO. <\/em><\/a><\/p>\n","protected":false},"excerpt":{"rendered":"<p>Ils sont l\u00e0, ils approchent, ils sont \u00e0 nos portes : les ENT !!! Celui de l&rsquo;acad\u00e9mie de Nantes, eLYCO, est sur les rails et vous pouvez participer \u00e0 la FAQ (Foire Aux Questions). Mais il n&rsquo;y a pas que &hellip;<\/p>\n<p class=\"read-more\"> <a class=\"more-link\" href=\"https:\/\/libreduc.cc\/blog\/astuce\/2010\/02\/19\/questions-sur-les-ent\/\"> <span class=\"screen-reader-text\">Questions sur les ENT<\/span> Read More &raquo;<\/a><\/p>\n","protected":false},"author":1,"featured_media":0,"comment_status":"open","ping_status":"open","sticky":false,"template":"","format":"standard","meta":{"inline_featured_image":false,"footnotes":""},"categories":[2],"tags":[],"class_list":["post-464","post","type-post","status-publish","format-standard","hentry","category-numerique"],"_links":{"self":[{"href":"https:\/\/libreduc.cc\/blog\/astuce\/wp-json\/wp\/v2\/posts\/464","targetHints":{"allow":["GET"]}}],"collection":[{"href":"https:\/\/libreduc.cc\/blog\/astuce\/wp-json\/wp\/v2\/posts"}],"about":[{"href":"https:\/\/libreduc.cc\/blog\/astuce\/wp-json\/wp\/v2\/types\/post"}],"author":[{"embeddable":true,"href":"https:\/\/libreduc.cc\/blog\/astuce\/wp-json\/wp\/v2\/users\/1"}],"replies":[{"embeddable":true,"href":"https:\/\/libreduc.cc\/blog\/astuce\/wp-json\/wp\/v2\/comments?post=464"}],"version-history":[{"count":0,"href":"https:\/\/libreduc.cc\/blog\/astuce\/wp-json\/wp\/v2\/posts\/464\/revisions"}],"wp:attachment":[{"href":"https:\/\/libreduc.cc\/blog\/astuce\/wp-json\/wp\/v2\/media?parent=464"}],"wp:term":[{"taxonomy":"category","embeddable":true,"href":"https:\/\/libreduc.cc\/blog\/astuce\/wp-json\/wp\/v2\/categories?post=464"},{"taxonomy":"post_tag","embeddable":true,"href":"https:\/\/libreduc.cc\/blog\/astuce\/wp-json\/wp\/v2\/tags?post=464"}],"curies":[{"name":"wp","href":"https:\/\/api.w.org\/{rel}","templated":true}]}}