{"id":598,"date":"2010-06-14T22:32:26","date_gmt":"2010-06-14T20:32:26","guid":{"rendered":"https:\/\/libreduc.cc\/blog\/astuce\/?p=598"},"modified":"2010-06-14T22:32:26","modified_gmt":"2010-06-14T20:32:26","slug":"la-cnil-et-neuf-homologues-internationaux-ecrivent-a-google","status":"publish","type":"post","link":"https:\/\/libreduc.cc\/blog\/astuce\/2010\/06\/14\/la-cnil-et-neuf-homologues-internationaux-ecrivent-a-google\/","title":{"rendered":"&quot;La CNIL et neuf homologues internationaux \u00e9crivent \u00e0 Google&quot;"},"content":{"rendered":"<p style=\"text-align: justify;\"><img loading=\"lazy\" decoding=\"async\" class=\"alignleft size-medium wp-image-1494\" src=\"http:\/\/blog.ac-nantes.fr\/wp-content\/uploads\/2010\/04\/cnil.jpg\" alt=\"\" width=\"98\" height=\"98\" \/><em>La question de l&rsquo;identit\u00e9 num\u00e9rique; qui d\u00e9borde sur la vie priv\u00e9e ou bien qui soul\u00e8ve sans cesse la probl\u00e9matique de la d\u00e9finition du caract\u00e8re priv\u00e9 des donn\u00e9es, provoque continuellement des remous, mais il semble qu&rsquo;en ce moment ce soit souvent <strong>Google <\/strong>qui tente de voir les limites.<\/em><\/p>\n<p><!--more--><\/p>\n<blockquote>\n<p style=\"text-align: justify;\"><span><strong>C&rsquo;est un fait tr\u00e8s rare, qui  montre son importance. La CNIL et les autorit\u00e9s de protection des donn\u00e9es de l\u2019Allemagne, du Canada, de l\u2019Espagne, de l\u2019Irlande, d\u2019Isra\u00ebl, de la  Nouvelle-Z\u00e9lande, des Pays-Bas, de l&rsquo;Italie et du Royaume-Uni se sont  associ\u00e9s pour envoyer \u00e0 Google <a href=\"http:\/\/www.cnil.fr\/la-cnil\/actu-cnil\/article\/article\/2\/les-gardiens-de-la-vie-privee-exhortent-google-a-respecter-les-lois\/\" target=\"_blank\">une lettre commune<\/a><\/strong>. Ils demandent au g\u00e9ant  am\u00e9ricain de \u00ab\u00a0<em>montrer l&rsquo;exemple<\/em>\u00a0\u00bb en mati\u00e8re de protection de la  vie priv\u00e9e des internautes, en tant que \u00ab\u00a0<em>chef de fil du monde  virtuel<\/em>\u00ab\u00a0.<\/span><\/p>\n<\/blockquote>\n<p style=\"text-align: justify;\">Cette introduction est issue d&rsquo;un article post\u00e9 par Guillaume Champeau sur le site <strong>Numerama<\/strong>. Il cite l&rsquo;exemple du lancement \u00ab\u00a0<em>catastrophique<\/em>\u00a0\u00bb d&rsquo;un nouveau service, <strong>Buzz<\/strong>, qui permettrait de savoir avec qui les utilisateurs communiquent le plus souvent.<\/p>\n<blockquote>\n<p style=\"text-align: justify;\">Google avait rapidement  corrig\u00e9 le tir et s&rsquo;\u00e9tait excus\u00e9, mais trop tard aux yeux des gardiens  de la vie priv\u00e9e. \u00ab\u00a0<em>Nous vous demandons, comme \u00e0 toutes les  organisations qui d\u00e9tiennent des renseignements personnels, d\u2019int\u00e9grer  les principes fondamentaux de protection de la vie priv\u00e9e d\u00e8s la  conception de nouveaux services en ligne<\/em>\u00ab\u00a0, \u00e9crivent les  organisations.<\/p>\n<p style=\"text-align: justify;\">Pour elles, le fait de ne pas avoir clairement informer les  utilisateurs de Google Buzz des modalit\u00e9s de son fonctionnement a  constitu\u00e9 \u00ab\u00a0<em>une atteinte au principe fondamental et mondialement  reconnu de protection de la vie priv\u00e9e selon lequel les personnes  devraient pouvoir contr\u00f4ler l\u2019utilisation de leurs donn\u00e9es personnelles<\/em>\u00ab\u00a0.<\/p>\n<\/blockquote>\n<p style=\"text-align: justify;\">M\u00eame si pour l&rsquo;instant les CNIL signataires ne comptent pas engager d&rsquo;action judiciaire contre Google, elles se content de <span>lui demander d&rsquo; \u00ab\u00a0<em>expliquer  comment il se conformera \u00e0 l\u2019avenir aux lois nationales en mati\u00e8re de  protection de la vie priv\u00e9e<\/em>\u00ab\u00a0.<\/span><\/p>\n<p style=\"text-align: justify;\">Les CNIL souffrent du manque de moyens pour assurer une d\u00e9fense aussi dynamique que possible de <span class=\"baseline\">l&rsquo;identit\u00e9 humaine, des droits de l&rsquo;homme (et du droit \u00e0 l&rsquo;oubli comme nous en parlions dans cet <a href=\"http:\/\/blog.ac-nantes.fr\/?p=1380\" target=\"_blank\">article pr\u00e9c\u00e9dent<\/a>), de la vie  priv\u00e9e (comme dans les r\u00e9seaux sociaux, nous en parlions dans cet <a href=\"http:\/\/blog.ac-nantes.fr\/?p=1249\" target=\"_blank\">article<\/a>) et des libert\u00e9s.<\/span><\/p>\n<p style=\"text-align: justify;\">Des s\u00e9nateurs proposaient d&rsquo;ailleurs de \u00ab\u00a0<em>renforcer les moyens et la l\u00e9gitimit\u00e9 de la CNIL\u00a0\u00bb<\/em> fran\u00e7aise, dans le rapport que nous commentions <a href=\"http:\/\/blog.ac-nantes.fr\/?p=1112\" target=\"_blank\">dans cet article<\/a>.<\/p>\n<p style=\"text-align: justify;\">Il s&rsquo;agit l\u00e0 d&rsquo;un imbroglio, qui ne cesse de faire couler de l&rsquo;encre, num\u00e9rique ou pas, sur lequel il est difficile d&rsquo;obtenir un consensus :<\/p>\n<ul>\n<li style=\"text-align: justify;\">les pays doivent harmoniser les pratiques : rappelons l&rsquo;exemple proche des donn\u00e9s collect\u00e9es par Google, encore eux, en Allemagne avec leur fameuse voiture alimentant Google Street View. En effet, le dispositif collecte aussi les emplacements des r\u00e9seaux wifi priv\u00e9s et les adresses MAC (<em>voir les notes en bas de l&rsquo;article<\/em>) des appareils connect\u00e9s \u00e0 ces r\u00e9seaux. L&rsquo;adresse unique de votre appareil est elle une donn\u00e9e personnelle ? <span>Un r\u00e9seau Wifi install\u00e9 chez soi  mais visible de l&rsquo;ext\u00e9rieur rel\u00e8ve du domaine public ou du  domaine priv\u00e9 ? Chaque justice\/jurisprudence est souveraine dans son pays.<\/span><\/li>\n<li style=\"text-align: justify;\"><span>de la m\u00eame fa\u00e7on se pose le probl\u00e8me de l&rsquo;ad\u00e9quation entre des autorit\u00e9s nationales et des volont\u00e9s politiques des pays : les probl\u00e8mes des avis de la CNIL face \u00e0 la cr\u00e9ation du fichier EDVIGE ; le Conseil Constitutionnel intervenant dans les textes de la loi Hadopi tentant de renverser l&rsquo;expression de la pr\u00e9somption d&rsquo;innocence.<br \/>\n<\/span><\/li>\n<li style=\"text-align: justify;\"><span>quels moyens ? <em>\u00ab\u00a0<\/em><\/span><span class=\"postbody\"><em>En 2007, la Cnil a enregistr\u00e9 4.455 plaintes pour  non-respect de la loi Informatique et libert\u00e9s, qui r\u00e8glemente  l&rsquo;utilisation des donn\u00e9es personnelles informatis\u00e9es, soit une  augmentation de 25 % par rapport \u00e0 2006.\u00a0\u00bb<\/em>, d\u00e9p\u00eache de l&rsquo;AFP.<br \/>\n<\/span><\/li>\n<li style=\"text-align: justify;\">ce probl\u00e8me touche \u00e0 la vision de soi en tant que membre de la soci\u00e9t\u00e9 et de l&rsquo;anticipation de ce qui peut s&rsquo;y passer. cela me fait penser \u00e0 des phrases toutes faites du genre : \u00ab\u00a0je n&rsquo;ai rien \u00e0 me reprocher donc peu importe que l&rsquo;on mette des cam\u00e9ras de surveillance \u00e0 tous les coins de rue\u00a0\u00bb, l&rsquo;argument est jet\u00e9 et la r\u00e9flexion s&rsquo;arr\u00eate l\u00e0&#8230;<\/li>\n<li style=\"text-align: justify;\">quel projet de soci\u00e9t\u00e9 ? quelle importance donner \u00e0 la protection de l&rsquo;individu quand les auteurs de cette lettre estiment \u00ab\u00a0<span>que trop souvent, le droit \u00e0 la vie  priv\u00e9e des citoyens du monde est laiss\u00e9 de c\u00f4t\u00e9 lors du lancement de  nouvelles applications technologiques\u00a0\u00bb ?<\/span><\/li>\n<\/ul>\n<p>Mince, un article entier sur les atteintes aux donn\u00e9es personnelles sans digresser sur Facebook&#8230;<\/p>\n<p style=\"text-align: justify;\">Toutefois, ce n&rsquo;est pas vraiment un article car l&rsquo;exhaustivit\u00e9 des informations dans ce domaine rel\u00e8ve du Graal. Les r\u00e9flexions et les r\u00e9actions, politiques ou des entreprises, n&rsquo;en sont encore qu&rsquo;au d\u00e9but.<\/p>\n<p style=\"text-align: right;\"><a href=\"http:\/\/www.numerama.com\/magazine\/15549-la-cnil-et-neuf-homologues-internationaux-ecrivent-a-google.html\" target=\"_blank\"><em>Site d&rsquo;origine de l&rsquo;article sur Numerama<\/em><\/a><\/p>\n<p style=\"text-align: right;\"><em><a href=\"http:\/\/www.cnil.fr\/\" target=\"_blank\">Site de la CNIL<\/a><\/em><\/p>\n<p style=\"text-align: right;\"><em><a href=\"http:\/\/www.cnil.fr\/la-cnil\/actu-cnil\/article\/article\/2\/les-gardiens-de-la-vie-privee-exhortent-google-a-respecter-les-lois\/\" target=\"_blank\">La lettre commune des CNIL adress\u00e9e \u00e0 Google et d\u2019autres acteurs d\u2019Internet<\/a><\/em><\/p>\n<p style=\"text-align: right;\"><em><a href=\"http:\/\/fr.wikipedia.org\/wiki\/Adresse_MAC\" target=\"_blank\">Explication d&rsquo;une adresse MAC sur Wikip\u00e9dia<\/a><\/em><\/p>\n","protected":false},"excerpt":{"rendered":"<p>La question de l&rsquo;identit\u00e9 num\u00e9rique; qui d\u00e9borde sur la vie priv\u00e9e ou bien qui soul\u00e8ve sans cesse la probl\u00e9matique de la d\u00e9finition du caract\u00e8re priv\u00e9 des donn\u00e9es, provoque continuellement des remous, mais il semble qu&rsquo;en ce moment ce soit souvent &hellip;<\/p>\n<p class=\"read-more\"> <a class=\"more-link\" href=\"https:\/\/libreduc.cc\/blog\/astuce\/2010\/06\/14\/la-cnil-et-neuf-homologues-internationaux-ecrivent-a-google\/\"> <span class=\"screen-reader-text\">&quot;La CNIL et neuf homologues internationaux \u00e9crivent \u00e0 Google&quot;<\/span> Read More &raquo;<\/a><\/p>\n","protected":false},"author":1,"featured_media":0,"comment_status":"open","ping_status":"open","sticky":false,"template":"","format":"standard","meta":{"inline_featured_image":false,"footnotes":""},"categories":[2],"tags":[],"class_list":["post-598","post","type-post","status-publish","format-standard","hentry","category-numerique"],"_links":{"self":[{"href":"https:\/\/libreduc.cc\/blog\/astuce\/wp-json\/wp\/v2\/posts\/598","targetHints":{"allow":["GET"]}}],"collection":[{"href":"https:\/\/libreduc.cc\/blog\/astuce\/wp-json\/wp\/v2\/posts"}],"about":[{"href":"https:\/\/libreduc.cc\/blog\/astuce\/wp-json\/wp\/v2\/types\/post"}],"author":[{"embeddable":true,"href":"https:\/\/libreduc.cc\/blog\/astuce\/wp-json\/wp\/v2\/users\/1"}],"replies":[{"embeddable":true,"href":"https:\/\/libreduc.cc\/blog\/astuce\/wp-json\/wp\/v2\/comments?post=598"}],"version-history":[{"count":0,"href":"https:\/\/libreduc.cc\/blog\/astuce\/wp-json\/wp\/v2\/posts\/598\/revisions"}],"wp:attachment":[{"href":"https:\/\/libreduc.cc\/blog\/astuce\/wp-json\/wp\/v2\/media?parent=598"}],"wp:term":[{"taxonomy":"category","embeddable":true,"href":"https:\/\/libreduc.cc\/blog\/astuce\/wp-json\/wp\/v2\/categories?post=598"},{"taxonomy":"post_tag","embeddable":true,"href":"https:\/\/libreduc.cc\/blog\/astuce\/wp-json\/wp\/v2\/tags?post=598"}],"curies":[{"name":"wp","href":"https:\/\/api.w.org\/{rel}","templated":true}]}}