{"id":637,"date":"2010-07-21T12:59:09","date_gmt":"2010-07-21T12:59:09","guid":{"rendered":"https:\/\/libreduc.cc\/blog\/astuce\/?p=637"},"modified":"2010-07-21T12:59:09","modified_gmt":"2010-07-21T12:59:09","slug":"quand-la-robotique-devient-philosophique-poetique-cybernetique","status":"publish","type":"post","link":"https:\/\/libreduc.cc\/blog\/astuce\/2010\/07\/21\/quand-la-robotique-devient-philosophique-poetique-cybernetique\/","title":{"rendered":"Quand la robotique devient philosophique, po\u00e9tique&#8230; cybern\u00e9tique"},"content":{"rendered":"<p style=\"text-align: justify;\">Un incroyable article lu sur <a href=\"http:\/\/www.numerama.com\" target=\"_blank\">Numerama<\/a> dans lequel on voit des robots se coordonner pour r\u00e9aliser une action qui n\u00e9cessite des efforts collectifs !<\/p>\n<p style=\"text-align: center;\">\n<p style=\"text-align: center;\"><object classid=\"clsid:d27cdb6e-ae6d-11cf-96b8-444553540000\" width=\"500\" height=\"405\" codebase=\"http:\/\/download.macromedia.com\/pub\/shockwave\/cabs\/flash\/swflash.cab#version=6,0,40,0\"><param name=\"allowFullScreen\" value=\"true\" \/><param name=\"allowscriptaccess\" value=\"always\" \/><param name=\"src\" value=\"http:\/\/www.youtube-nocookie.com\/v\/7iHZKMDvdNI&amp;hl=fr_FR&amp;fs=1?rel=0&amp;color1=0x3a3a3a&amp;color2=0x999999&amp;border=1\" \/><param name=\"allowfullscreen\" value=\"true\" \/><embed type=\"application\/x-shockwave-flash\" width=\"500\" height=\"405\" src=\"http:\/\/www.youtube-nocookie.com\/v\/7iHZKMDvdNI&amp;hl=fr_FR&amp;fs=1?rel=0&amp;color1=0x3a3a3a&amp;color2=0x999999&amp;border=1\" allowscriptaccess=\"always\" allowfullscreen=\"true\"><\/embed><\/object>\n<\/p>\n<p style=\"text-align: justify;\"><!--more--><\/p>\n<p style=\"text-align: justify;\"><cite title=\"numerama\">Une \u00e9quipe de recherche en robotique de l&rsquo;Institut F\u00e9d\u00e9ral de Technologie de Zurich, en Suisse, a mis au point des v\u00e9hicules volants capables de se coordonner pour parvenir \u00e0 un objectif commun, sans intervention humaine. Pris isol\u00e9ment, les petits v\u00e9hicules dot\u00e9s d&rsquo;une h\u00e9lice centrale sont uniquement capables de se d\u00e9placer en \u00ab\u00a0glissant\u00a0\u00bb l\u00e9g\u00e8rement au dessus du sol. Mais ils peuvent rejoindre leurs pairs pour se relier les uns aux autres, et ensemble, ils peuvent alors d\u00e9coller \u00e0 plusieurs m\u00e8tres du sol et adapter chacun leur attitude individuelle pour satisfaire l&rsquo;int\u00e9r\u00eat collectif.<\/p>\n<p style=\"text-align: justify;\">Ainsi, lorsqu&rsquo;ils sont connect\u00e9s entre eux, les drones communiquent leur position et leur inclinaison en \u00e9changeant constamment ces informations avec le reste du groupe. Si l&rsquo;assemblage volant penche trop d&rsquo;un c\u00f4t\u00e9, chacun des drones va augmenter ou au contraire diminuer la vitesse de rotation de son h\u00e9lice pour stabiliser l&rsquo;ensemble, ou lui permettre d&rsquo;avancer dans telle ou telle direction.<\/p>\n<p style=\"text-align: justify;\">\n<p style=\"text-align: justify;\">C&rsquo;est le principe-m\u00eame de la cybern\u00e9tique, qui use de m\u00e9canismes d&rsquo;autor\u00e9gulation pour faire que lorsque des \u00e9l\u00e9ments sont organis\u00e9s en syst\u00e8me, les interactions entre ces \u00e9l\u00e9ments donnent \u00e0 l&rsquo;ensemble des propri\u00e9t\u00e9s que ne poss\u00e9daient pas les \u00e9l\u00e9ments pris s\u00e9par\u00e9ment. Isol\u00e9ment, les drones de Zurich peuvent circuler \u00e0 terre, mais il faut qu&rsquo;ils soient ensemble pour \u00eatre capables de voler. \u00ab\u00a0Le tout est sup\u00e9rieur \u00e0 la somme des parties\u00a0\u00bb.<\/p>\n<p style=\"text-align: center;\"><a href=\"http:\/\/www.idsc.ethz.ch\/Research_DAndrea\/DFA\/DFA_cycle\"><img loading=\"lazy\" decoding=\"async\" class=\"aligncenter\" title=\"robots\" src=\"http:\/\/www.idsc.ethz.ch\/Research_DAndrea\/DFA\/DFA_cycle\" alt=\"\" width=\"800\" height=\"533\" \/><\/a><\/p>\n<p style=\"text-align: justify;\">Pour le moment, les chercheurs n&rsquo;ont fait voler ensemble que quatre drones, mais ils pensent en assembler douze d&rsquo;ici la fin de l&rsquo;\u00e9t\u00e9.<\/p>\n<p style=\"text-align: justify;\">\n<p><\/cite>\n<\/p>\n<p style=\"text-align: justify;\">\n<p style=\"text-align: justify;\"><em>Article diffus\u00e9 sous<a href=\"http:\/\/creativecommons.org\/licenses\/by-nc-nd\/2.0\/fr\/\" target=\"_blank\"> licence Creative Common by-nc-nd 2.0<\/a>, \u00e9crit par Guillaume Champeau pour <a href=\"http:\/\/www.numerama.com\/magazine\/15918-quand-la-robotique-devient-philosophique-poetique-cybernetique.html\" target=\"_blank\">Numerama.com<\/a><\/em><\/p>\n","protected":false},"excerpt":{"rendered":"<p>Un incroyable article lu sur Numerama dans lequel on voit des robots se coordonner pour r\u00e9aliser une action qui n\u00e9cessite des efforts collectifs !<\/p>\n","protected":false},"author":1,"featured_media":0,"comment_status":"open","ping_status":"open","sticky":false,"template":"","format":"standard","meta":{"inline_featured_image":false,"footnotes":""},"categories":[4,3],"tags":[],"class_list":["post-637","post","type-post","status-publish","format-standard","hentry","category-geek","category-technologie"],"_links":{"self":[{"href":"https:\/\/libreduc.cc\/blog\/astuce\/wp-json\/wp\/v2\/posts\/637","targetHints":{"allow":["GET"]}}],"collection":[{"href":"https:\/\/libreduc.cc\/blog\/astuce\/wp-json\/wp\/v2\/posts"}],"about":[{"href":"https:\/\/libreduc.cc\/blog\/astuce\/wp-json\/wp\/v2\/types\/post"}],"author":[{"embeddable":true,"href":"https:\/\/libreduc.cc\/blog\/astuce\/wp-json\/wp\/v2\/users\/1"}],"replies":[{"embeddable":true,"href":"https:\/\/libreduc.cc\/blog\/astuce\/wp-json\/wp\/v2\/comments?post=637"}],"version-history":[{"count":0,"href":"https:\/\/libreduc.cc\/blog\/astuce\/wp-json\/wp\/v2\/posts\/637\/revisions"}],"wp:attachment":[{"href":"https:\/\/libreduc.cc\/blog\/astuce\/wp-json\/wp\/v2\/media?parent=637"}],"wp:term":[{"taxonomy":"category","embeddable":true,"href":"https:\/\/libreduc.cc\/blog\/astuce\/wp-json\/wp\/v2\/categories?post=637"},{"taxonomy":"post_tag","embeddable":true,"href":"https:\/\/libreduc.cc\/blog\/astuce\/wp-json\/wp\/v2\/tags?post=637"}],"curies":[{"name":"wp","href":"https:\/\/api.w.org\/{rel}","templated":true}]}}