{"id":771,"date":"2010-10-17T13:05:10","date_gmt":"2010-10-17T13:05:10","guid":{"rendered":"https:\/\/libreduc.cc\/blog\/astuce\/?p=771"},"modified":"2010-10-17T13:05:10","modified_gmt":"2010-10-17T13:05:10","slug":"creative-commons-la-marque-domaine-public","status":"publish","type":"post","link":"https:\/\/libreduc.cc\/blog\/astuce\/2010\/10\/17\/creative-commons-la-marque-domaine-public\/","title":{"rendered":"Creative Commons : la Marque Domaine Public"},"content":{"rendered":"<p style=\"text-align: justify;\"><img loading=\"lazy\" decoding=\"async\" class=\"alignleft size-full wp-image-772\" title=\"europeana\" src=\"https:\/\/libreduc.cc\/blog\/astuce\/wp-content\/uploads\/2010\/10\/europeana.jpg\" alt=\"\" width=\"120\" height=\"175\" \/>Ce logo de la biblioth\u00e8que Europeana n&rsquo;est l\u00e0 que pour faire le lien dans cette nouvelle : la fondation Creative Commons vient de cr\u00e9er un marquage d&rsquo;\u0153uvre tombant (ou d\u00e9clar\u00e9e) dans le domaine public et la biblioth\u00e8que num\u00e9rique europ\u00e9enne Europeana qui en \u00ab\u00a0<em>serait la premi\u00e8re v\u00e9ritable utilisatrice<\/em>\u00ab\u00a0. N\u00e9anmoins, dans l<a href=\"http:\/\/www.numerama.com\/magazine\/17040-creative-commons-europeana-adopte-la-marque-domaine-public.html\" target=\"_blank\">&lsquo;article de Numerama<\/a>, Julien L. explique qu&rsquo;<em>Il faudra n\u00e9anmoins attendre la  mi-2011 pour que toutes les \u0153uvres concern\u00e9es profitent de la Marque  Domaine Public. Jusqu&rsquo;\u00e0 pr\u00e9sent, la biblioth\u00e8que utilisait <a href=\"http:\/\/www.europeana.eu\/portal\/termsofservice.html\" target=\"_blank\">une licence particuli\u00e8re<\/a> : \u00ab\u00a0paternit\u00e9 &#8211; pas d&rsquo;utilisation commerciale &#8211; copyleft\u00a0\u00bb.<\/em><\/p>\n<p style=\"text-align: justify;\"><em><!--more--><\/em><\/p>\n<p style=\"text-align: justify;\">\n<p style=\"text-align: justify;\">Voil\u00e0 ce qui manquait donc aux licences propos\u00e9es par la fondation Creative Commons : la possibilit\u00e9 de laisser une \u0153uvre libre de tout droit, dans le domaine public. Cette <a href=\"http:\/\/creativecommons.org\/publicdomain\/mark\/1.0\/deed.fr\" target=\"_blank\">Public Domain Mark<\/a> d\u00e9taille que l&rsquo;\u0153uvre est libre de toute restriction par quelque copyright que ce soit et que tout le monde peut la copier, distribuer, modifier et utiliser l&rsquo;\u0153uvre, m\u00eame \u00e0 des fins commerciales sans demander quelque permission que ce soit.<\/p>\n<p style=\"text-align: justify;\">\n<p style=\"text-align: justify;\">Jusqu&rsquo;ici, la fondation proposait 6 contrats :<\/p>\n<table style=\"width: 500px; height: 64px; text-align: justify;\" border=\"1\" bgcolor=\"#ffffff\">\n<tbody>\n<tr>\n<td>\n<div>\n<a href=\"http:\/\/creativecommons.org\/licenses\/by\/2.0\/fr\/\" target=\"_blank\">Paternit\u00e9<\/a>\n<\/div>\n<\/td>\n<td width=\"55\"><img loading=\"lazy\" decoding=\"async\" src=\"http:\/\/fr.creativecommons.org\/images\/logos\/by.gif\" alt=\"\" width=\"40\" height=\"41\" \/><\/td>\n<td width=\"55\"><\/td>\n<td width=\"55\"><\/td>\n<\/tr>\n<tr>\n<td><a href=\"http:\/\/creativecommons.org\/licenses\/by-nd\/2.0\/fr\/\" target=\"_blank\">Paternit\u00e9<br \/>\nPas de Modification<\/a><\/td>\n<td>\n<div><img loading=\"lazy\" decoding=\"async\" src=\"http:\/\/fr.creativecommons.org\/images\/logos\/by.gif\" alt=\"\" width=\"40\" height=\"41\" \/><\/div>\n<\/td>\n<td><\/td>\n<td>\n<div><img loading=\"lazy\" decoding=\"async\" src=\"http:\/\/fr.creativecommons.org\/images\/logos\/nd.gif\" alt=\"\" width=\"40\" height=\"41\" \/><\/div>\n<\/td>\n<\/tr>\n<tr>\n<td><a href=\"http:\/\/creativecommons.org\/licenses\/by-nc-nd\/2.0\/fr\/\" target=\"_blank\">Paternit\u00e9<br \/>\nPas d&rsquo;Utilisation Commerciale<br \/>\nPas de Modification<\/a><\/td>\n<td>\n<div><img loading=\"lazy\" decoding=\"async\" src=\"http:\/\/fr.creativecommons.org\/images\/logos\/by.gif\" alt=\"\" width=\"40\" height=\"41\" \/><\/div>\n<\/td>\n<td>\n<div><img loading=\"lazy\" decoding=\"async\" src=\"http:\/\/fr.creativecommons.org\/images\/logos\/nc.gif\" alt=\"\" width=\"40\" height=\"40\" \/><\/div>\n<\/td>\n<td>\n<div><img loading=\"lazy\" decoding=\"async\" src=\"http:\/\/fr.creativecommons.org\/images\/logos\/nd.gif\" alt=\"\" width=\"40\" height=\"41\" \/><\/div>\n<\/td>\n<\/tr>\n<tr>\n<td><a href=\"http:\/\/creativecommons.org\/licenses\/by-nc\/2.0\/fr\/\" target=\"_blank\">Paternit\u00e9<br \/>\nPas d&rsquo;Utilisation Commerciale<\/a><\/td>\n<td>\n<div><img loading=\"lazy\" decoding=\"async\" src=\"http:\/\/fr.creativecommons.org\/images\/logos\/by.gif\" alt=\"\" width=\"40\" height=\"41\" \/><\/div>\n<\/td>\n<td>\n<div><img loading=\"lazy\" decoding=\"async\" src=\"http:\/\/fr.creativecommons.org\/images\/logos\/nc.gif\" alt=\"\" width=\"40\" height=\"40\" \/><\/div>\n<\/td>\n<td><\/td>\n<\/tr>\n<tr>\n<td><a href=\"http:\/\/creativecommons.org\/licenses\/by-nc-sa\/2.0\/fr\/\" target=\"_blank\">Paternit\u00e9<br \/>\nPas d&rsquo;Utilisation Commerciale<br \/>\nPartage des Conditions Initiales \u00e0 l&rsquo;Identique<\/a><\/td>\n<td>\n<div><img loading=\"lazy\" decoding=\"async\" src=\"http:\/\/fr.creativecommons.org\/images\/logos\/by.gif\" alt=\"\" width=\"40\" height=\"41\" \/><\/div>\n<\/td>\n<td>\n<div><img loading=\"lazy\" decoding=\"async\" src=\"http:\/\/fr.creativecommons.org\/images\/logos\/nc.gif\" alt=\"\" width=\"40\" height=\"40\" \/><\/div>\n<\/td>\n<td>\n<div><img loading=\"lazy\" decoding=\"async\" src=\"http:\/\/fr.creativecommons.org\/images\/logos\/sa.gif\" alt=\"\" width=\"40\" height=\"41\" \/><\/div>\n<\/td>\n<\/tr>\n<tr>\n<td><a href=\"http:\/\/creativecommons.org\/licenses\/by-sa\/2.0\/fr\/\" target=\"_blank\">Paternit\u00e9<br \/>\nPartage des Conditions Initiales \u00e0 l&rsquo;Identique<\/a><\/td>\n<td>\n<div><img loading=\"lazy\" decoding=\"async\" src=\"http:\/\/fr.creativecommons.org\/images\/logos\/by.gif\" alt=\"\" width=\"40\" height=\"41\" \/><\/div>\n<\/td>\n<td><\/td>\n<td>\n<div><img loading=\"lazy\" decoding=\"async\" src=\"http:\/\/fr.creativecommons.org\/images\/logos\/sa.gif\" alt=\"\" width=\"40\" height=\"41\" \/><\/div>\n<\/td>\n<\/tr>\n<\/tbody>\n<\/table>\n<p style=\"text-align: justify;\">\n<p style=\"text-align: justify;\">Vous pouvez d\u00e9cider de ce qui convient le mieux gr\u00e2ce \u00e0 l&rsquo;outil mis en ligne par la fondation :\u00a0 \u00ab\u00a0<a href=\"http:\/\/creativecommons.org\/license\/?lang=fr\" target=\"_blank\">Choisissez votre licence<\/a>\u00ab\u00a0.<\/p>\n<p style=\"text-align: justify;\">\n<p style=\"text-align: justify;\">\n<p style=\"text-align: justify;\">\n<p style=\"text-align: justify;\">Dans le <a href=\"http:\/\/creativecommons.org\/weblog\/entry\/23830\" target=\"_blank\">communiqu\u00e9 de presse<\/a>, Michael Carroll (membres fondateurs de la fondation Creative Commons et professeur de droit \u00e0 l&rsquo;universit\u00e9 am\u00e9ricaine) a d\u00e9clar\u00e9 que \u00ab\u00a0<em>la Marque Domaine Public est un pas suppl\u00e9mentaire sur le chemin transformant la promesse d&rsquo;un domaine public num\u00e9rique en une r\u00e9alit\u00e9<\/em>\u00ab\u00a0.<\/p>\n","protected":false},"excerpt":{"rendered":"<p>Ce logo de la biblioth\u00e8que Europeana n&rsquo;est l\u00e0 que pour faire le lien dans cette nouvelle : la fondation Creative Commons vient de cr\u00e9er un marquage d&rsquo;\u0153uvre tombant (ou d\u00e9clar\u00e9e) dans le domaine public et la biblioth\u00e8que num\u00e9rique europ\u00e9enne Europeana &hellip;<\/p>\n<p class=\"read-more\"> <a class=\"more-link\" href=\"https:\/\/libreduc.cc\/blog\/astuce\/2010\/10\/17\/creative-commons-la-marque-domaine-public\/\"> <span class=\"screen-reader-text\">Creative Commons : la Marque Domaine Public<\/span> Read More &raquo;<\/a><\/p>\n","protected":false},"author":1,"featured_media":0,"comment_status":"open","ping_status":"open","sticky":false,"template":"","format":"standard","meta":{"inline_featured_image":false,"footnotes":""},"categories":[4,2],"tags":[],"class_list":["post-771","post","type-post","status-publish","format-standard","hentry","category-geek","category-numerique"],"_links":{"self":[{"href":"https:\/\/libreduc.cc\/blog\/astuce\/wp-json\/wp\/v2\/posts\/771","targetHints":{"allow":["GET"]}}],"collection":[{"href":"https:\/\/libreduc.cc\/blog\/astuce\/wp-json\/wp\/v2\/posts"}],"about":[{"href":"https:\/\/libreduc.cc\/blog\/astuce\/wp-json\/wp\/v2\/types\/post"}],"author":[{"embeddable":true,"href":"https:\/\/libreduc.cc\/blog\/astuce\/wp-json\/wp\/v2\/users\/1"}],"replies":[{"embeddable":true,"href":"https:\/\/libreduc.cc\/blog\/astuce\/wp-json\/wp\/v2\/comments?post=771"}],"version-history":[{"count":0,"href":"https:\/\/libreduc.cc\/blog\/astuce\/wp-json\/wp\/v2\/posts\/771\/revisions"}],"wp:attachment":[{"href":"https:\/\/libreduc.cc\/blog\/astuce\/wp-json\/wp\/v2\/media?parent=771"}],"wp:term":[{"taxonomy":"category","embeddable":true,"href":"https:\/\/libreduc.cc\/blog\/astuce\/wp-json\/wp\/v2\/categories?post=771"},{"taxonomy":"post_tag","embeddable":true,"href":"https:\/\/libreduc.cc\/blog\/astuce\/wp-json\/wp\/v2\/tags?post=771"}],"curies":[{"name":"wp","href":"https:\/\/api.w.org\/{rel}","templated":true}]}}