{"id":891,"date":"2010-12-29T00:47:56","date_gmt":"2010-12-29T00:47:56","guid":{"rendered":"https:\/\/libreduc.cc\/blog\/astuce\/?p=891"},"modified":"2010-12-29T00:47:56","modified_gmt":"2010-12-29T00:47:56","slug":"utilisation-des-nouvelles-technologies-par-les-francais","status":"publish","type":"post","link":"https:\/\/libreduc.cc\/blog\/astuce\/2010\/12\/29\/utilisation-des-nouvelles-technologies-par-les-francais\/","title":{"rendered":"Utilisation des nouvelles technologies par les fran\u00e7ais"},"content":{"rendered":"<p style=\"text-align: justify;\"><img loading=\"lazy\" decoding=\"async\" class=\"alignleft\" title=\"intro\" src=\"http:\/\/www.journaldunet.com\/ebusiness\/le-net\/usages-internet\/image\/internet-430-danielle-bonardelle-fotolia-ebusiness-le-net-726345.jpg\" alt=\"\" width=\"193\" height=\"128\" \/>Acc\u00e8s Internet, t\u00e9l\u00e9phonie fixe et mobile&#8230; De quels  \u00e9quipement disposent les Fran\u00e7ais pour utiliser les nouvelles  technologies ? Comment s&rsquo;en servent-il ? L&rsquo;Arcep et le Cr\u00e9doc dressent  un portait des usages du num\u00e9rique en France.<\/p>\n<p><!--more--><\/p>\n<h1><\/h1>\n<h1>L&rsquo;ADSL reste le premier moyen de connexion \u00e0 l&rsquo;Internet<\/h1>\n<p style=\"text-align: justify;\"><img loading=\"lazy\" decoding=\"async\" class=\"aligncenter\" title=\"1\" src=\"http:\/\/www.journaldunet.com\/ebusiness\/le-net\/usages-internet\/image\/type-connexion-a-internet-725400.jpg\" alt=\"\" width=\"415\" height=\"251\" \/>Les trois quarts des Fran\u00e7ais disposent d&rsquo;un ordinateur et <strong>71\u00a0% de la population b\u00e9n\u00e9ficie d&rsquo;un acc\u00e8s \u00e0 Internet \u00e0 son domicile<\/strong>.  L&rsquo;ADSL est le mode d&rsquo;acc\u00e8s privil\u00e9gi\u00e9 depuis plus de cinq ans et domine  largement les autres technologies d&rsquo;acc\u00e8s. 92\u00a0% des connexions se font  par l&rsquo;ADSL (+2\u00a0points par rapport \u00e0 2009). <strong>La fibre optique<\/strong> (qui n&rsquo;appara\u00eet pas dans l&rsquo;\u00e9tude du Cr\u00e9doc) <strong>et le c\u00e2ble<\/strong> (4\u00a0%, -1\u00a0point en 2010) <strong>demeurent \u00e0 ce jour encore peu diffus\u00e9s<\/strong> et peinent \u00e0 trouver leur client\u00e8le. Le bas d\u00e9bit poursuit de son c\u00f4t\u00e9 son lent d\u00e9clin.<\/p>\n<h1>Une activit\u00e9 de plus en plus quotidienne<\/h1>\n<p style=\"text-align: center;\">\n<p style=\"text-align: center;\"><em>Fr\u00e9quence de connexion \u00e0 l&rsquo;Internet fixe \u00e0 domicile :<\/em><\/p>\n<p><img loading=\"lazy\" decoding=\"async\" class=\"aligncenter\" title=\"2\" src=\"http:\/\/www.journaldunet.com\/ebusiness\/le-net\/usages-internet\/image\/frequence-connexion-a-l-internet-fixe-a-domicile-725415.jpg\" alt=\"\" width=\"415\" height=\"222\" \/><\/p>\n<p style=\"text-align: justify;\">Au fil des ann\u00e9es, l&rsquo;usage d&rsquo;Internet devient de plus en plus quotidien.<strong> Les trois quarts des Fran\u00e7ais disposant d&rsquo;une connexion Internet \u00e0 domicile d\u00e9clarent s&rsquo;y connecter tous les jours<\/strong>. A titre de comparaison, moins d&rsquo;un internaute sur deux utilisait quotidiennement le r\u00e9seau en 2004. Selon le Cr\u00e9doc, <strong>deux crit\u00e8res principaux influent sur la fr\u00e9quence de connexion : l&rsquo;\u00e2ge et le dipl\u00f4me<\/strong>.  Les jeunes adultes sont les plus enclins \u00e0 se connecter  quotidiennement. Les plus \u00e2g\u00e9s (70\u00a0ans et plus) ne sont que 54\u00a0% \u00e0 le  faire.\u00a0 Par ailleurs, <strong>55\u00a0% des non-dipl\u00f4m\u00e9s se connectent quotidiennement contre 85\u00a0% des personnes dipl\u00f4m\u00e9es de l&rsquo;enseignement sup\u00e9rieur<\/strong>. 82\u00a0% des \u00e9tudiants et 84\u00a0% des cadres \u00e9quip\u00e9s en internet se connectent tous les jours.<\/p>\n<h1>Internet, un m\u00e9dia de jeunes, de dipl\u00f4m\u00e9s et de CSP+<\/h1>\n<p style=\"text-align: center;\"><em>Temps moyen pass\u00e9 par semaine sur internet et devant la\u00a0 t\u00e9l\u00e9vision en fonction du dipl\u00f4me :<\/em><\/p>\n<p><img loading=\"lazy\" decoding=\"async\" class=\"aligncenter\" title=\"3\" src=\"http:\/\/www.journaldunet.com\/ebusiness\/le-net\/usages-internet\/image\/temps-moyen-passe-par-semaine-internet-devant-la-television-fonction-diplome-725516.jpg\" alt=\"\" width=\"415\" height=\"241\" \/><\/p>\n<p style=\"text-align: justify;\"><strong>L&rsquo;\u00e2ge et le niveau de dipl\u00f4me<\/strong> influent sur la fr\u00e9quence de connexion au Web, mais <strong>joue aussi sur le nombre d&rsquo;heures hebdomadaires pass\u00e9es sur le R\u00e9seau, au d\u00e9triment de la t\u00e9l\u00e9vision<\/strong>.  Pour les cadres, les \u00e9tudiants, les moins de 25 ans et les dipl\u00f4m\u00e9s du  sup\u00e9rieur, Internet passe devant la t\u00e9l\u00e9vision. Chez les 25-39 ans, les  travailleurs ind\u00e9pendants, les professions interm\u00e9diaires ou les  titulaires de hauts revenus, <strong>le temps pass\u00e9 sur le Web pourrait sous peu \u00eatre plus important que celui consacr\u00e9 \u00e0 la t\u00e9l\u00e9vision<\/strong>.<\/p>\n<p style=\"text-align: center;\"><em>Temps moyen pass\u00e9 par semaine sur internet et devant la t\u00e9l\u00e9vision en fonction de l&rsquo;\u00e2ge :<\/em><\/p>\n<p><img loading=\"lazy\" decoding=\"async\" class=\"aligncenter\" title=\"3-2\" src=\"http:\/\/www.journaldunet.com\/ebusiness\/le-net\/usages-internet\/image\/temps-moyen-passe-par-semaine-internet-devant-television-fonction-l-age-725520.jpg\" alt=\"\" width=\"415\" height=\"246\" \/><\/p>\n<h1>Les usages varient en fonction de l&rsquo;anciennet\u00e9 de\u00a0l&rsquo;internaute<\/h1>\n<div style=\"text-align: center;\"><\/div>\n<div style=\"text-align: center;\"><em>Usages du Web en fonction de l&rsquo;anciennet\u00e9 d&rsquo;\u00e9quipement \u00e0 Internet :<\/em><\/div>\n<p><img loading=\"lazy\" decoding=\"async\" class=\"aligncenter\" title=\"4\" src=\"http:\/\/www.journaldunet.com\/ebusiness\/le-net\/usages-internet\/image\/usages-web-fonction-l-anciennete-d-equipement-a-internet-725465.jpg\" alt=\"\" width=\"538\" height=\"439\" \/><\/p>\n<p style=\"text-align: justify;\">L&rsquo;anciennet\u00e9 d&rsquo;utilisation d&rsquo;Internet influe sur les usages du Web. S&rsquo;agissant de <strong>l&rsquo;e-commerce,  des d\u00e9marches administratives et du travail \u00e0 domicile, les usages sont  plus importants chez les internautes \u00e9quip\u00e9es de longue date<\/strong>. En revanche, <strong>les internautes fra\u00eechement connect\u00e9s utilisent davantage Internet \u00e0 des fins r\u00e9cr\u00e9atives<\/strong> (jeux en r\u00e9seau) ou pour trouver du travail. Pour les activit\u00e9s de  loisirs (t\u00e9l\u00e9charger des films) ou la participation \u00e0 des r\u00e9seaux  sociaux, les taux se valent.<\/p>\n<h1>Un Fran\u00e7ais sur quatre est un internaute nomade<\/h1>\n<p style=\"text-align: center;\"><em>Les connexions \u00e0 l&rsquo;Internet en mobilit\u00e9 :<\/em><\/p>\n<p><img loading=\"lazy\" decoding=\"async\" class=\"aligncenter\" title=\"6\" src=\"http:\/\/www.journaldunet.com\/ebusiness\/le-net\/usages-internet\/image\/connexions-a-l-internet-mobilite-725436.jpg\" alt=\"\" width=\"415\" height=\"266\" \/><\/p>\n<p style=\"text-align: justify;\">Au cours des douze derniers mois, <strong>23\u00a0% des Fran\u00e7ais se sont connect\u00e9s \u00e0 l&rsquo;Internet en situation de mobilit\u00e9<\/strong>.  Cet usage de Web nomade recouvre l&rsquo;usage de l&rsquo;Internet mobile, autant  que la connection \u00e0 un r\u00e9seau wi-fi via un ordinateur portable,  ind\u00e9pendamment du lieu de connexion. Comme pour la fr\u00e9quence d&rsquo;usage du  Web, <strong>l&rsquo;usage du Web nomade est avant tout pratiqu\u00e9 par les plus jeunes et les plus dipl\u00f4m\u00e9s<\/strong>. <strong>Le pic de connexion en mobilit\u00e9 est enregistr\u00e9 entre 18\u00a0et 24\u00a0ans <\/strong>(52\u00a0%). Un non-dipl\u00f4m\u00e9 a cinq fois moins de chances de se connecter en mobilit\u00e9 qu&rsquo;un bachelier ou qu&rsquo;un dipl\u00f4m\u00e9 du sup\u00e9rieur.<\/p>\n<h1>15% des Fran\u00e7ais se connectent \u00e0 l&rsquo;Internet mobile<\/h1>\n<p style=\"text-align: center;\">\n<p style=\"text-align: center;\"><em>Proportion de personnes utilisant un t\u00e9l\u00e9phone mobile pour naviguer sur internet ou consulter les e-mails :<\/em><\/p>\n<p><img loading=\"lazy\" decoding=\"async\" class=\"aligncenter\" title=\"7\" src=\"http:\/\/www.journaldunet.com\/ebusiness\/le-net\/usages-internet\/image\/proportion-personnes-utilisant-telephone-mobilepour-naviguer-internet-consulter-e-725360.jpg\" alt=\"\" width=\"415\" height=\"230\" \/><\/p>\n<p style=\"text-align: justify;\"><strong>15\u00a0% des Fran\u00e7ais se connectent \u00e0 l&rsquo;Internet mobile<\/strong>.  Ils sont presque aussi nombreux (11\u00a0%) \u00e0 consulter leurs e-mails depuis  leur t\u00e9l\u00e9phone. Si elle reste pour l&rsquo;instant un moyen secondaire d&rsquo;acc\u00e8s  \u00e0 Internet, <strong>la connexion via un mobile, conna\u00eet \u00e0 la fois une forte progression et un renouveau depuis 2008<\/strong>,  notamment gr\u00e2ce \u00e0 la progression du taux de p\u00e9n\u00e9tration des  smartphones. La croissance de l&rsquo;usage de l&rsquo;Internet mobile avait en  effet marqu\u00e9 un repli entre 2006 et 2008.<\/p>\n<h1>T\u00e9l\u00e9phonie : l&rsquo;\u00e9cart entre fixe et mobile plus r\u00e9duit que\u00a0jamais<\/h1>\n<p style=\"text-align: center;\">\n<p style=\"text-align: center;\"><em>Taux d&rsquo;\u00e9quipement en t\u00e9l\u00e9phonie mobile, t\u00e9l\u00e9phonie fixe et t\u00e9l\u00e9phonie par Internet :<\/em><\/p>\n<p style=\"text-align: justify;\"><img loading=\"lazy\" decoding=\"async\" class=\"aligncenter\" title=\"8\" src=\"http:\/\/www.journaldunet.com\/ebusiness\/le-net\/usages-internet\/image\/taux-d-equipement-telephonie-mobile-telephonoe-fixe-telephonie-par-internet-725320.jpg\" alt=\"\" width=\"415\" height=\"292\" \/>Apr\u00e8s une forte progression de l&rsquo;\u00e9quipement des Fran\u00e7ais en t\u00e9l\u00e9phonie fixe et mobile en 2009 (+3\u00a0points et +4\u00a0points), <strong>le taux d&rsquo;\u00e9quipement a marqu\u00e9 une pause en 2010<\/strong>.  83\u00a0% de la population dispose aujourd&rsquo;hui d&rsquo;un t\u00e9l\u00e9phone mobile  (+1\u00a0point en 2010) et 87\u00a0% d&rsquo;un t\u00e9l\u00e9phone fixe (-1\u00a0point). L&rsquo;\u00e9cart entre  les deux taux n&rsquo;a jamais \u00e9t\u00e9 aussi faible. <strong>Sept personnes sur dix disposent par ailleurs des deux<\/strong>. Par ailleurs, <strong>plus de la moiti\u00e9 de la population passe d\u00e9sormais ses appels par Internet via une box triple play<\/strong> parmi les personnes disposant d&rsquo;un t\u00e9l\u00e9phone fixe.<\/p>\n<h1>La protection des donn\u00e9es personnelles pose probl\u00e8me aux\u00a0internautes<\/h1>\n<p style=\"text-align: center;\"><em>Freins \u00e0 l&rsquo;utilisation d&rsquo;Internet :<\/em><\/p>\n<p style=\"text-align: justify;\"><img loading=\"lazy\" decoding=\"async\" class=\"aligncenter\" title=\"9\" src=\"http:\/\/www.journaldunet.com\/ebusiness\/le-net\/usages-internet\/image\/freins-a-l-utilisation-d-internet-725558.jpg\" alt=\"\" width=\"506\" height=\"282\" \/>Les freins \u00e0 l&rsquo;usage du Web avanc\u00e9s par les Fran\u00e7ais diff\u00e8rent fortement  selon que la personne interrog\u00e9e est elle-m\u00eame ou non internaute. <strong>Les non internautes estiment avant tout qu&rsquo;utiliser Internet est trop compliqu\u00e9 et ne sert \u00e0 rien<\/strong>.  L&rsquo;argument du co\u00fbt arrive en troisi\u00e8me position. Les internautes en  revanche, ne remettent en cause ni la simplicit\u00e9, ni l&rsquo;utilit\u00e9, ni le  prix de l&rsquo;acc\u00e8s au Web. Au contraire, <strong>pr\u00e8s d&rsquo;un tiers des internautes ne voit aucun frein \u00e0 l&rsquo;usage d&rsquo;Internet<\/strong>. Le premier inconv\u00e9nient avanc\u00e9 par les internautes reste la <strong>protection insuffisante des donn\u00e9es personnelles en ligne<\/strong>, une crainte que relativement peu de non internautes partagent.<\/p>\n<p><strong>M\u00e9thodologie :<\/strong><\/p>\n<table id=\"bloc-savoirplus\" align=\"right\">\n<tbody>\n<tr>\n<td><\/td>\n<td>A lire ailleurs<\/td>\n<td><\/td>\n<\/tr>\n<tr>\n<td><\/td>\n<td>\n<ul>\n<li><strong> <\/strong> <a href=\"http:\/\/fr.wikipedia.org\/wiki\/Internet_en_France\" target=\"_blank\">Internet en France (Wikipedia)<\/a><\/li>\n<li><strong> <\/strong> <a rel=\"nofollow\" href=\"http:\/\/discoverdigitallife.com\/\" target=\"_blank\">Les internautes en France et dans le monde (Digital life)<\/a><\/li>\n<\/ul>\n<\/td>\n<td><\/td>\n<\/tr>\n<\/tbody>\n<\/table>\n<p style=\"text-align: justify;\">Le  rapport r\u00e9alis\u00e9 pour l&rsquo;Arcep par le Cr\u00e9doc pr\u00e9sente l&rsquo;analyse des  questions relatives \u00e0 la diffusion, \u00e0 l&rsquo;usage et \u00e0 l&rsquo;image des  technologies de l&rsquo;information et de la communication en France. Ces  questions ont \u00e9t\u00e9 ins\u00e9r\u00e9es, par le CGIET et par l&rsquo;Arcep, dans la vague  de juin 2010 de l&rsquo;enqu\u00eate du Cr\u00e9doc sur les \u00ab\u00a0Conditions de vie et les  aspirations des Fran\u00e7ais\u00a0\u00bb. C&rsquo;est la dixi\u00e8me ann\u00e9e de participation du  CGIET \u00e0 ce barom\u00e8tre, et la huiti\u00e8me ann\u00e9e pour l&rsquo;Arcep.<\/p>\n<p style=\"text-align: justify;\">\n<p style=\"text-align: justify;\">Ces  r\u00e9sultats sont issus de l&rsquo;enqu\u00eate de juin 2010, r\u00e9alis\u00e9e aupr\u00e8s d&rsquo;un  \u00e9chantillon repr\u00e9sentatif de la population fran\u00e7aise \u00e2g\u00e9e de 12 ans et  plus, s\u00e9lectionn\u00e9 selon la m\u00e9thode des quotas : 2\u00a0230\u00a0personnes ont \u00e9t\u00e9  interrog\u00e9es \u00ab\u00a0en face \u00e0 face\u00a0\u00bb \u00e0 leur domicile. Deux types de  questionnaires ont \u00e9t\u00e9 administr\u00e9s : le premier \u00e0 destination des  individus \u00e2g\u00e9s de 18 ans et plus ; le second visant exclusivement les  12-17 ans. L&rsquo;ensemble des r\u00e9sultats publi\u00e9s sont repr\u00e9sentatifs des  populations enqu\u00eat\u00e9es.<\/p>\n<p><strong>En savoir plus : <\/strong> <a rel=\"nofollow\" href=\"http:\/\/www.arcep.fr\/uploads\/tx_gspublication\/rapport-credoc-2010-101210.pdf\" target=\"_blank\">l&rsquo;\u00e9tude compl\u00e8te (au format PDF)<\/a><\/p>\n<p style=\"text-align: right;\"><a href=\"http:\/\/www.journaldunet.com\/ebusiness\/le-net\/usages-internet\/\" target=\"_blank\"><em>R\u00e9alis\u00e9 par Beno\u00eet M\u00e9li, Journal du Net, publi\u00e9 le 13\/12\/2010<\/em><\/a><\/p>\n","protected":false},"excerpt":{"rendered":"<p>Acc\u00e8s Internet, t\u00e9l\u00e9phonie fixe et mobile&#8230; De quels \u00e9quipement disposent les Fran\u00e7ais pour utiliser les nouvelles technologies ? Comment s&rsquo;en servent-il ? L&rsquo;Arcep et le Cr\u00e9doc dressent un portait des usages du num\u00e9rique en France.<\/p>\n","protected":false},"author":1,"featured_media":0,"comment_status":"open","ping_status":"open","sticky":false,"template":"","format":"standard","meta":{"inline_featured_image":false,"footnotes":""},"categories":[4,2],"tags":[],"class_list":["post-891","post","type-post","status-publish","format-standard","hentry","category-geek","category-numerique"],"_links":{"self":[{"href":"https:\/\/libreduc.cc\/blog\/astuce\/wp-json\/wp\/v2\/posts\/891","targetHints":{"allow":["GET"]}}],"collection":[{"href":"https:\/\/libreduc.cc\/blog\/astuce\/wp-json\/wp\/v2\/posts"}],"about":[{"href":"https:\/\/libreduc.cc\/blog\/astuce\/wp-json\/wp\/v2\/types\/post"}],"author":[{"embeddable":true,"href":"https:\/\/libreduc.cc\/blog\/astuce\/wp-json\/wp\/v2\/users\/1"}],"replies":[{"embeddable":true,"href":"https:\/\/libreduc.cc\/blog\/astuce\/wp-json\/wp\/v2\/comments?post=891"}],"version-history":[{"count":0,"href":"https:\/\/libreduc.cc\/blog\/astuce\/wp-json\/wp\/v2\/posts\/891\/revisions"}],"wp:attachment":[{"href":"https:\/\/libreduc.cc\/blog\/astuce\/wp-json\/wp\/v2\/media?parent=891"}],"wp:term":[{"taxonomy":"category","embeddable":true,"href":"https:\/\/libreduc.cc\/blog\/astuce\/wp-json\/wp\/v2\/categories?post=891"},{"taxonomy":"post_tag","embeddable":true,"href":"https:\/\/libreduc.cc\/blog\/astuce\/wp-json\/wp\/v2\/tags?post=891"}],"curies":[{"name":"wp","href":"https:\/\/api.w.org\/{rel}","templated":true}]}}